{"id":547,"date":"2025-01-17T11:27:00","date_gmt":"2025-01-17T11:27:00","guid":{"rendered":"https:\/\/new.valenciaandgo.com\/?p=547"},"modified":"2026-03-14T13:01:26","modified_gmt":"2026-03-14T13:01:26","slug":"saint-vincent-martyr-history-valencia","status":"publish","type":"post","link":"https:\/\/www.valenciaandgo.com\/en\/san-vicente-martir-historia-valencia\/","title":{"rendered":"Saint Vincent the Martyr: Discover his History and Legacy in Valencia"},"content":{"rendered":"<div data-elementor-type=\"wp-post\" data-elementor-id=\"547\" class=\"elementor elementor-547\" data-elementor-post-type=\"post\">\n\t\t\t\t<div class=\"elementor-element elementor-element-64e5736b e-flex e-con-boxed e-con e-parent\" data-id=\"64e5736b\" data-element_type=\"container\" data-e-type=\"container\">\n\t\t\t\t\t<div class=\"e-con-inner\">\n\t\t<div class=\"elementor-element elementor-element-32ef0166 e-con-full e-flex e-con e-child\" data-id=\"32ef0166\" data-element_type=\"container\" data-e-type=\"container\">\n\t\t<div class=\"elementor-element elementor-element-76de4414 e-con-full e-flex e-con e-child\" data-id=\"76de4414\" data-element_type=\"container\" data-e-type=\"container\">\n\t\t\t\t<div class=\"elementor-element elementor-element-7e76397 elementor-widget elementor-widget-heading\" data-id=\"7e76397\" data-element_type=\"widget\" data-e-type=\"widget\" data-widget_type=\"heading.default\">\n\t\t\t\t\t<h2 class=\"elementor-heading-title elementor-size-default\">The mystery of courage: the unknown story of St. Vincent Martyr\n<\/h2>\t\t\t\t<\/div>\n\t\t\t\t<\/div>\n\t\t<div class=\"elementor-element elementor-element-52ad6a27 e-con-full e-flex e-con e-child\" data-id=\"52ad6a27\" data-element_type=\"container\" data-e-type=\"container\">\n\t\t\t\t<div class=\"elementor-element elementor-element-506c82e0 elementor-widget elementor-widget-text-editor\" data-id=\"506c82e0\" data-element_type=\"widget\" data-e-type=\"widget\" data-widget_type=\"text-editor.default\">\n\t\t\t\t\t\t\t\t\t<p>In the very centre of Valencia, among streets steeped in history and iconic monuments, hides an episode that very few people know about. An old prison preserves the memory of one of the city's most shocking moments: the suffering of a prisoner whose indomitable spirit left an indelible mark on the collective memory. Thus begins the story of Saint Vincent the Martyr, a figure who continues to symbolise resistance and faith throughout time.<\/p><figure class=\"wp-block-image aligncenter size-large is-resized\"><img fetchpriority=\"high\" decoding=\"async\" class=\"alignnone size-full wp-image-3396\" src=\"https:\/\/valenciaandgo.com\/wp-content\/uploads\/2025\/12\/img-san-vicente-martir.webp\" alt=\"\" width=\"1913\" height=\"1080\" \/><\/figure>\t\t\t\t\t\t\t\t<\/div>\n\t\t\t\t<\/div>\n\t\t\t\t<\/div>\n\t\t<div class=\"elementor-element elementor-element-f3fe9a6 e-con-full e-flex e-con e-child\" data-id=\"f3fe9a6\" data-element_type=\"container\" data-e-type=\"container\">\n\t\t<div class=\"elementor-element elementor-element-4de365c e-con-full e-flex e-con e-child\" data-id=\"4de365c\" data-element_type=\"container\" data-e-type=\"container\">\n\t\t\t\t<div class=\"elementor-element elementor-element-3ede0b0 elementor-widget elementor-widget-heading\" data-id=\"3ede0b0\" data-element_type=\"widget\" data-e-type=\"widget\" data-widget_type=\"heading.default\">\n\t\t\t\t\t<h2 class=\"elementor-heading-title elementor-size-default\">Who was Saint Vincent the Martyr?\n<\/h2>\t\t\t\t<\/div>\n\t\t\t\t<\/div>\n\t\t<div class=\"elementor-element elementor-element-87fa25e e-con-full e-flex e-con e-child\" data-id=\"87fa25e\" data-element_type=\"container\" data-e-type=\"container\">\n\t\t\t\t<div class=\"elementor-element elementor-element-7c669c5 elementor-widget elementor-widget-text-editor\" data-id=\"7c669c5\" data-element_type=\"widget\" data-e-type=\"widget\" data-widget_type=\"text-editor.default\">\n\t\t\t\t\t\t\t\t\t<p>Vincent was born in Saragossa and dedicated his life to serving as a deacon to Bishop Valerius during the first centuries of Christianity. His fate changed when the Roman Empire, under Diocletian, unleashed one of the most brutal persecutions against Christians.<br \/>The authorities arrested Vincent and Valerius and took them to Valencia for trial. While they sent Valerius into exile, they condemned Vincent to a much crueler punishment: martyrdom.<\/p>\t\t\t\t\t\t\t\t<\/div>\n\t\t\t\t<\/div>\n\t\t\t\t<\/div>\n\t\t<div class=\"elementor-element elementor-element-707084d e-con-full e-flex e-con e-child\" data-id=\"707084d\" data-element_type=\"container\" data-e-type=\"container\">\n\t\t<div class=\"elementor-element elementor-element-29b4a96 e-con-full e-flex e-con e-child\" data-id=\"29b4a96\" data-element_type=\"container\" data-e-type=\"container\">\n\t\t\t\t<div class=\"elementor-element elementor-element-ab0513e elementor-widget elementor-widget-heading\" data-id=\"ab0513e\" data-element_type=\"widget\" data-e-type=\"widget\" data-widget_type=\"heading.default\">\n\t\t\t\t\t<h2 class=\"elementor-heading-title elementor-size-default\">The brutal torture of St Vincent\n<\/h2>\t\t\t\t<\/div>\n\t\t\t\t<\/div>\n\t\t<div class=\"elementor-element elementor-element-01c5a30 e-con-full e-flex e-con e-child\" data-id=\"01c5a30\" data-element_type=\"container\" data-e-type=\"container\">\n\t\t\t\t<div class=\"elementor-element elementor-element-144bfb7 elementor-widget elementor-widget-text-editor\" data-id=\"144bfb7\" data-element_type=\"widget\" data-e-type=\"widget\" data-widget_type=\"text-editor.default\">\n\t\t\t\t\t\t\t\t\t<p>In Valencia, the executioners subjected Vicente to continuous torture with the intention of breaking his faith and forcing him to renounce his beliefs. They whipped him, stretched him on the rack, burned him with hot irons and placed him on a bed of sharp ceramic shards.<br \/>Despite extreme suffering, Vincent never denied his faith. His strength and determination sent a powerful message of resistance to the Christians of his time.<\/p>\t\t\t\t\t\t\t\t<\/div>\n\t\t\t\t<\/div>\n\t\t\t\t<\/div>\n\t\t<div class=\"elementor-element elementor-element-8a5f8a8 e-con-full e-flex e-con e-child\" data-id=\"8a5f8a8\" data-element_type=\"container\" data-e-type=\"container\">\n\t\t<div class=\"elementor-element elementor-element-b689b4d e-con-full e-flex e-con e-child\" data-id=\"b689b4d\" data-element_type=\"container\" data-e-type=\"container\">\n\t\t\t\t<div class=\"elementor-element elementor-element-43ff4e0 elementor-widget elementor-widget-heading\" data-id=\"43ff4e0\" data-element_type=\"widget\" data-e-type=\"widget\" data-widget_type=\"heading.default\">\n\t\t\t\t\t<h2 class=\"elementor-heading-title elementor-size-default\">The legacy of St. Vincent in Valencia\n<\/h2>\t\t\t\t<\/div>\n\t\t\t\t<\/div>\n\t\t<div class=\"elementor-element elementor-element-c09557f e-con-full e-flex e-con e-child\" data-id=\"c09557f\" data-element_type=\"container\" data-e-type=\"container\">\n\t\t\t\t<div class=\"elementor-element elementor-element-a132444 elementor-widget elementor-widget-text-editor\" data-id=\"a132444\" data-element_type=\"widget\" data-e-type=\"widget\" data-widget_type=\"text-editor.default\">\n\t\t\t\t\t\t\t\t\t<p>Saint Vincent the Martyr is not only notable for his sacrifice, but also for the profound mark he left on the city. Valencia preserves several places directly linked to its history:<\/p><ul><li><strong>St Vincent's Prison<\/strong><br \/>This enclave, located in the historic centre of Valencia, was home to Vincent before his martyrdom, according to tradition. Today, the site allows visitors to learn about the harsh conditions the saint endured and to better understand the value of his testimony.<\/li><li><strong>The Archaeological Crypt of San Vicente<\/strong><br \/>Under the Church of San Juan del Hospital is this crypt, where tradition places part of Vincent's captivity. The space combines historical and spiritual value, and offers a unique experience to those who delve into its history.<\/li><li><strong>Valencia Cathedral<\/strong><br \/>The cathedral conserves relics of Saint Vincent the Martyr in one of its chapels, venerated every 22nd January. In addition, the procession that goes through the main places linked to his life starts from this temple, reinforcing its role as a spiritual and cultural centre.<\/li><li><strong>The Basilica of San Vicente de la Roqueta<\/strong><br \/>Tradition has it that this is where the saint was first buried. Although his body was later moved, the basilica continues to be a key point of pilgrimage and devotion.<\/li><\/ul>\t\t\t\t\t\t\t\t<\/div>\n\t\t\t\t<\/div>\n\t\t\t\t<\/div>\n\t\t<div class=\"elementor-element elementor-element-a3b1bb2 e-con-full e-flex e-con e-child\" data-id=\"a3b1bb2\" data-element_type=\"container\" data-e-type=\"container\">\n\t\t<div class=\"elementor-element elementor-element-1dbe5a5 e-con-full e-flex e-con e-child\" data-id=\"1dbe5a5\" data-element_type=\"container\" data-e-type=\"container\">\n\t\t\t\t<div class=\"elementor-element elementor-element-be3ef40 elementor-widget elementor-widget-heading\" data-id=\"be3ef40\" data-element_type=\"widget\" data-e-type=\"widget\" data-widget_type=\"heading.default\">\n\t\t\t\t\t<h2 class=\"elementor-heading-title elementor-size-default\">St Vincent today: a day to remember\n<\/h2>\t\t\t\t<\/div>\n\t\t\t\t<\/div>\n\t\t<div class=\"elementor-element elementor-element-c23024c e-con-full e-flex e-con e-child\" data-id=\"c23024c\" data-element_type=\"container\" data-e-type=\"container\">\n\t\t\t\t<div class=\"elementor-element elementor-element-5735865 elementor-widget elementor-widget-text-editor\" data-id=\"5735865\" data-element_type=\"widget\" data-e-type=\"widget\" data-widget_type=\"text-editor.default\">\n\t\t\t\t\t\t\t\t\t<p class=\"p1\">Every 22 January, Valencia honours the memory of Saint Vincent the Martyr with a celebration that unites tradition and devotion. The streets host processions, solemn masses and cultural activities that keep his legacy alive. On this day, many Valencians walk through the places linked to his history to pay homage to a figure who became one of the spiritual pillars of the city.<\/p>\t\t\t\t\t\t\t\t<\/div>\n\t\t\t\t<\/div>\n\t\t\t\t<\/div>\n\t\t<div class=\"elementor-element elementor-element-c28e319 e-con-full e-flex e-con e-child\" data-id=\"c28e319\" data-element_type=\"container\" data-e-type=\"container\">\n\t\t<div class=\"elementor-element elementor-element-0335f93 e-con-full e-flex e-con e-child\" data-id=\"0335f93\" data-element_type=\"container\" data-e-type=\"container\">\n\t\t\t\t<div class=\"elementor-element elementor-element-0767bf8 elementor-widget elementor-widget-heading\" data-id=\"0767bf8\" data-element_type=\"widget\" data-e-type=\"widget\" data-widget_type=\"heading.default\">\n\t\t\t\t\t<h2 class=\"elementor-heading-title elementor-size-default\">Discover its history with Valencia &amp; Go\n<\/h2>\t\t\t\t<\/div>\n\t\t\t\t<\/div>\n\t\t<div class=\"elementor-element elementor-element-af986f5 e-con-full e-flex e-con e-child\" data-id=\"af986f5\" data-element_type=\"container\" data-e-type=\"container\">\n\t\t\t\t<div class=\"elementor-element elementor-element-c46ad6d elementor-widget elementor-widget-text-editor\" data-id=\"c46ad6d\" data-element_type=\"widget\" data-e-type=\"widget\" data-widget_type=\"text-editor.default\">\n\t\t\t\t\t\t\t\t\t<p>At Valencia &amp; Go, we invite you to experience this fascinating story up close. We organise guided tours that will take you to the most emblematic places in the city related to San Vicente M\u00e1rtir. From the Prison of San Vicente to the Basilica of San Vicente de la Roqueta, passing through the Archaeological Crypt, you will discover the best kept secrets of this historical figure.<\/p><p>Don't miss the opportunity to immerse yourself in this unique experience and learn about the legacy of a man whose courage continues to inspire generations!\u00a0<a href=\"https:\/\/valenciaandgo.com\/tours-valencia\/\">Book your place and let our city and its history surprise you.<\/a><\/p><h6 class=\"wp-block-heading\"><strong>The story of Saint Vincent the Martyr is a reminder of the power of faith and resilience in the face of adversity. His legacy is deeply rooted in Valencia's identity, and exploring his story is a way to connect with the past and better understand the present. Are you ready to discover it?<\/strong><\/h6><p>Follow us on our\u00a0<a href=\"https:\/\/www.instagram.com\/valenciaandgo\/?hl=es\">social media<\/a>\u00a0so you don't miss anything about the history, traditions and plans in Valencia.<\/p>\t\t\t\t\t\t\t\t<\/div>\n\t\t\t\t<\/div>\n\t\t\t\t<\/div>\n\t\t\t\t\t<\/div>\n\t\t\t\t<\/div>\n\t\t\t\t<\/div>","protected":false},"excerpt":{"rendered":"<p>El misterio de la valent\u00eda: la historia desconocida de San Vicente M\u00e1rtir En pleno centro de Valencia, entre calles cargadas de historia y monumentos ic\u00f3nicos, se esconde un episodio que muy pocos conocen. Una antigua c\u00e1rcel conserva el recuerdo de uno de los momentos m\u00e1s impactantes de la ciudad: el sufrimiento de un prisionero cuyo [&hellip;]<\/p>\n","protected":false},"author":1,"featured_media":750,"comment_status":"closed","ping_status":"closed","sticky":false,"template":"","format":"standard","meta":{"_acf_changed":false,"footnotes":""},"categories":[22,24],"tags":[28,53],"class_list":["post-547","post","type-post","status-publish","format-standard","has-post-thumbnail","hentry","category-cultura-tradiciones","category-noticias","tag-cultura","tag-valencia"],"acf":[],"yoast_head":"<!-- This site is optimized with the Yoast SEO plugin v27.5 - https:\/\/yoast.com\/product\/yoast-seo-wordpress\/ -->\n<title>Qui\u00e9n fue San Vicente Martir: descubre su legado en Valencia<\/title>\n<meta name=\"description\" content=\"Conoce la historia de San Vicente M\u00e1rtir, un s\u00edmbolo de resistencia en Valencia. Descubre su legado cultural en Valencia.\" \/>\n<meta name=\"robots\" content=\"index, follow, max-snippet:-1, max-image-preview:large, max-video-preview:-1\" \/>\n<link rel=\"canonical\" href=\"https:\/\/www.valenciaandgo.com\/en\/saint-vincent-martyr-history-valencia\/\" \/>\n<meta property=\"og:locale\" content=\"en_GB\" \/>\n<meta property=\"og:type\" content=\"article\" \/>\n<meta property=\"og:title\" content=\"Qui\u00e9n fue San Vicente Martir: descubre su legado en Valencia\" \/>\n<meta property=\"og:description\" content=\"Conoce la historia de San Vicente M\u00e1rtir, un s\u00edmbolo de resistencia en Valencia. Descubre su legado cultural en Valencia.\" \/>\n<meta property=\"og:url\" content=\"https:\/\/www.valenciaandgo.com\/en\/saint-vincent-martyr-history-valencia\/\" \/>\n<meta property=\"og:site_name\" content=\"Valencia&amp;Go\" \/>\n<meta property=\"article:publisher\" content=\"https:\/\/www.facebook.com\/valenciaandgo\/\" \/>\n<meta property=\"article:published_time\" content=\"2025-01-17T11:27:00+00:00\" \/>\n<meta property=\"article:modified_time\" content=\"2026-03-14T13:01:26+00:00\" \/>\n<meta property=\"og:image\" content=\"https:\/\/www.valenciaandgo.com\/wp-content\/uploads\/2025\/11\/img-blog-san-vicente-martir.webp\" \/>\n\t<meta property=\"og:image:width\" content=\"1170\" \/>\n\t<meta property=\"og:image:height\" content=\"781\" \/>\n\t<meta property=\"og:image:type\" content=\"image\/webp\" \/>\n<meta name=\"author\" content=\"Valencia &amp; Go\" \/>\n<meta name=\"twitter:card\" content=\"summary_large_image\" \/>\n<meta name=\"twitter:label1\" content=\"Written by\" \/>\n\t<meta name=\"twitter:data1\" content=\"Valencia &amp; Go\" \/>\n\t<meta name=\"twitter:label2\" content=\"Estimated reading time\" \/>\n\t<meta name=\"twitter:data2\" content=\"4 minutes\" \/>\n<script type=\"application\/ld+json\" class=\"yoast-schema-graph\">{\"@context\":\"https:\\\/\\\/schema.org\",\"@graph\":[{\"@type\":\"Article\",\"@id\":\"https:\\\/\\\/www.valenciaandgo.com\\\/san-vicente-martir-historia-valencia\\\/#article\",\"isPartOf\":{\"@id\":\"https:\\\/\\\/www.valenciaandgo.com\\\/san-vicente-martir-historia-valencia\\\/\"},\"author\":{\"name\":\"Valencia &amp; Go\",\"@id\":\"https:\\\/\\\/www.valenciaandgo.com\\\/it\\\/#\\\/schema\\\/person\\\/d6e9fc8911f61d877353aabcb0214213\"},\"headline\":\"San Vicente M\u00e1rtir: Descubre su Historia y Legado en Valencia\",\"datePublished\":\"2025-01-17T11:27:00+00:00\",\"dateModified\":\"2026-03-14T13:01:26+00:00\",\"mainEntityOfPage\":{\"@id\":\"https:\\\/\\\/www.valenciaandgo.com\\\/san-vicente-martir-historia-valencia\\\/\"},\"wordCount\":761,\"publisher\":{\"@id\":\"https:\\\/\\\/www.valenciaandgo.com\\\/it\\\/#organization\"},\"image\":{\"@id\":\"https:\\\/\\\/www.valenciaandgo.com\\\/san-vicente-martir-historia-valencia\\\/#primaryimage\"},\"thumbnailUrl\":\"https:\\\/\\\/www.valenciaandgo.com\\\/wp-content\\\/uploads\\\/2025\\\/11\\\/img-blog-san-vicente-martir.webp\",\"keywords\":[\"cultura\",\"Valencia\"],\"articleSection\":[\"Cultura y tradiciones\",\"Noticias\"],\"inLanguage\":\"en-GB\"},{\"@type\":\"WebPage\",\"@id\":\"https:\\\/\\\/www.valenciaandgo.com\\\/san-vicente-martir-historia-valencia\\\/\",\"url\":\"https:\\\/\\\/www.valenciaandgo.com\\\/san-vicente-martir-historia-valencia\\\/\",\"name\":\"Qui\u00e9n fue San Vicente Martir: descubre su legado en Valencia\",\"isPartOf\":{\"@id\":\"https:\\\/\\\/www.valenciaandgo.com\\\/it\\\/#website\"},\"primaryImageOfPage\":{\"@id\":\"https:\\\/\\\/www.valenciaandgo.com\\\/san-vicente-martir-historia-valencia\\\/#primaryimage\"},\"image\":{\"@id\":\"https:\\\/\\\/www.valenciaandgo.com\\\/san-vicente-martir-historia-valencia\\\/#primaryimage\"},\"thumbnailUrl\":\"https:\\\/\\\/www.valenciaandgo.com\\\/wp-content\\\/uploads\\\/2025\\\/11\\\/img-blog-san-vicente-martir.webp\",\"datePublished\":\"2025-01-17T11:27:00+00:00\",\"dateModified\":\"2026-03-14T13:01:26+00:00\",\"description\":\"Conoce la historia de San Vicente M\u00e1rtir, un s\u00edmbolo de resistencia en Valencia. Descubre su legado cultural en Valencia.\",\"breadcrumb\":{\"@id\":\"https:\\\/\\\/www.valenciaandgo.com\\\/san-vicente-martir-historia-valencia\\\/#breadcrumb\"},\"inLanguage\":\"en-GB\",\"potentialAction\":[{\"@type\":\"ReadAction\",\"target\":[\"https:\\\/\\\/www.valenciaandgo.com\\\/san-vicente-martir-historia-valencia\\\/\"]}]},{\"@type\":\"ImageObject\",\"inLanguage\":\"en-GB\",\"@id\":\"https:\\\/\\\/www.valenciaandgo.com\\\/san-vicente-martir-historia-valencia\\\/#primaryimage\",\"url\":\"https:\\\/\\\/www.valenciaandgo.com\\\/wp-content\\\/uploads\\\/2025\\\/11\\\/img-blog-san-vicente-martir.webp\",\"contentUrl\":\"https:\\\/\\\/www.valenciaandgo.com\\\/wp-content\\\/uploads\\\/2025\\\/11\\\/img-blog-san-vicente-martir.webp\",\"width\":1170,\"height\":781},{\"@type\":\"BreadcrumbList\",\"@id\":\"https:\\\/\\\/www.valenciaandgo.com\\\/san-vicente-martir-historia-valencia\\\/#breadcrumb\",\"itemListElement\":[{\"@type\":\"ListItem\",\"position\":1,\"name\":\"Portada\",\"item\":\"https:\\\/\\\/www.valenciaandgo.com\\\/\"},{\"@type\":\"ListItem\",\"position\":2,\"name\":\"San Vicente M\u00e1rtir: Descubre su Historia y Legado en Valencia\"}]},{\"@type\":\"WebSite\",\"@id\":\"https:\\\/\\\/www.valenciaandgo.com\\\/it\\\/#website\",\"url\":\"https:\\\/\\\/www.valenciaandgo.com\\\/it\\\/\",\"name\":\"Valencia&Go\",\"description\":\"Tours por Valencia y alrededores de ciudad.\",\"publisher\":{\"@id\":\"https:\\\/\\\/www.valenciaandgo.com\\\/it\\\/#organization\"},\"potentialAction\":[{\"@type\":\"SearchAction\",\"target\":{\"@type\":\"EntryPoint\",\"urlTemplate\":\"https:\\\/\\\/www.valenciaandgo.com\\\/it\\\/?s={search_term_string}\"},\"query-input\":{\"@type\":\"PropertyValueSpecification\",\"valueRequired\":true,\"valueName\":\"search_term_string\"}}],\"inLanguage\":\"en-GB\"},{\"@type\":\"Organization\",\"@id\":\"https:\\\/\\\/www.valenciaandgo.com\\\/it\\\/#organization\",\"name\":\"Valencia&Go\",\"url\":\"https:\\\/\\\/www.valenciaandgo.com\\\/it\\\/\",\"logo\":{\"@type\":\"ImageObject\",\"inLanguage\":\"en-GB\",\"@id\":\"https:\\\/\\\/www.valenciaandgo.com\\\/it\\\/#\\\/schema\\\/logo\\\/image\\\/\",\"url\":\"https:\\\/\\\/www.valenciaandgo.com\\\/wp-content\\\/uploads\\\/2025\\\/10\\\/valencia_go-svg-blnc-iso-naranja.svg\",\"contentUrl\":\"https:\\\/\\\/www.valenciaandgo.com\\\/wp-content\\\/uploads\\\/2025\\\/10\\\/valencia_go-svg-blnc-iso-naranja.svg\",\"width\":434,\"height\":102,\"caption\":\"Valencia&Go\"},\"image\":{\"@id\":\"https:\\\/\\\/www.valenciaandgo.com\\\/it\\\/#\\\/schema\\\/logo\\\/image\\\/\"},\"sameAs\":[\"https:\\\/\\\/www.facebook.com\\\/valenciaandgo\\\/\",\"https:\\\/\\\/www.instagram.com\\\/valenciaandgo\",\"https:\\\/\\\/www.linkedin.com\\\/company\\\/valencia-go\\\/\",\"https:\\\/\\\/www.tiktok.com\\\/@valenciaandgo\"]},{\"@type\":\"Person\",\"@id\":\"https:\\\/\\\/www.valenciaandgo.com\\\/it\\\/#\\\/schema\\\/person\\\/d6e9fc8911f61d877353aabcb0214213\",\"name\":\"Valencia &amp; Go\",\"sameAs\":[\"https:\\\/\\\/valenciaandgo.com\"],\"url\":\"https:\\\/\\\/www.valenciaandgo.com\\\/en\\\/author\\\/valencia\\\/\"}]}<\/script>\n<!-- \/ Yoast SEO plugin. -->","yoast_head_json":{"title":"Who was Saint Vincent the Martyr: discover his legacy in Valencia","description":"Learn about the history of San Vicente M\u00e1rtir, a symbol of resistance in Valencia. Discover his cultural legacy in Valencia.","robots":{"index":"index","follow":"follow","max-snippet":"max-snippet:-1","max-image-preview":"max-image-preview:large","max-video-preview":"max-video-preview:-1"},"canonical":"https:\/\/www.valenciaandgo.com\/en\/saint-vincent-martyr-history-valencia\/","og_locale":"en_GB","og_type":"article","og_title":"Qui\u00e9n fue San Vicente Martir: descubre su legado en Valencia","og_description":"Conoce la historia de San Vicente M\u00e1rtir, un s\u00edmbolo de resistencia en Valencia. Descubre su legado cultural en Valencia.","og_url":"https:\/\/www.valenciaandgo.com\/en\/saint-vincent-martyr-history-valencia\/","og_site_name":"Valencia&amp;Go","article_publisher":"https:\/\/www.facebook.com\/valenciaandgo\/","article_published_time":"2025-01-17T11:27:00+00:00","article_modified_time":"2026-03-14T13:01:26+00:00","og_image":[{"width":1170,"height":781,"url":"https:\/\/www.valenciaandgo.com\/wp-content\/uploads\/2025\/11\/img-blog-san-vicente-martir.webp","type":"image\/webp"}],"author":"Valencia &amp; Go","twitter_card":"summary_large_image","twitter_misc":{"Written by":"Valencia &amp; Go","Estimated reading time":"4 minutes"},"schema":{"@context":"https:\/\/schema.org","@graph":[{"@type":"Article","@id":"https:\/\/www.valenciaandgo.com\/san-vicente-martir-historia-valencia\/#article","isPartOf":{"@id":"https:\/\/www.valenciaandgo.com\/san-vicente-martir-historia-valencia\/"},"author":{"name":"Valencia &amp; Go","@id":"https:\/\/www.valenciaandgo.com\/it\/#\/schema\/person\/d6e9fc8911f61d877353aabcb0214213"},"headline":"San Vicente M\u00e1rtir: Descubre su Historia y Legado en Valencia","datePublished":"2025-01-17T11:27:00+00:00","dateModified":"2026-03-14T13:01:26+00:00","mainEntityOfPage":{"@id":"https:\/\/www.valenciaandgo.com\/san-vicente-martir-historia-valencia\/"},"wordCount":761,"publisher":{"@id":"https:\/\/www.valenciaandgo.com\/it\/#organization"},"image":{"@id":"https:\/\/www.valenciaandgo.com\/san-vicente-martir-historia-valencia\/#primaryimage"},"thumbnailUrl":"https:\/\/www.valenciaandgo.com\/wp-content\/uploads\/2025\/11\/img-blog-san-vicente-martir.webp","keywords":["cultura","Valencia"],"articleSection":["Cultura y tradiciones","Noticias"],"inLanguage":"en-GB"},{"@type":"WebPage","@id":"https:\/\/www.valenciaandgo.com\/san-vicente-martir-historia-valencia\/","url":"https:\/\/www.valenciaandgo.com\/san-vicente-martir-historia-valencia\/","name":"Who was Saint Vincent the Martyr: discover his legacy in Valencia","isPartOf":{"@id":"https:\/\/www.valenciaandgo.com\/it\/#website"},"primaryImageOfPage":{"@id":"https:\/\/www.valenciaandgo.com\/san-vicente-martir-historia-valencia\/#primaryimage"},"image":{"@id":"https:\/\/www.valenciaandgo.com\/san-vicente-martir-historia-valencia\/#primaryimage"},"thumbnailUrl":"https:\/\/www.valenciaandgo.com\/wp-content\/uploads\/2025\/11\/img-blog-san-vicente-martir.webp","datePublished":"2025-01-17T11:27:00+00:00","dateModified":"2026-03-14T13:01:26+00:00","description":"Learn about the history of San Vicente M\u00e1rtir, a symbol of resistance in Valencia. Discover his cultural legacy in Valencia.","breadcrumb":{"@id":"https:\/\/www.valenciaandgo.com\/san-vicente-martir-historia-valencia\/#breadcrumb"},"inLanguage":"en-GB","potentialAction":[{"@type":"ReadAction","target":["https:\/\/www.valenciaandgo.com\/san-vicente-martir-historia-valencia\/"]}]},{"@type":"ImageObject","inLanguage":"en-GB","@id":"https:\/\/www.valenciaandgo.com\/san-vicente-martir-historia-valencia\/#primaryimage","url":"https:\/\/www.valenciaandgo.com\/wp-content\/uploads\/2025\/11\/img-blog-san-vicente-martir.webp","contentUrl":"https:\/\/www.valenciaandgo.com\/wp-content\/uploads\/2025\/11\/img-blog-san-vicente-martir.webp","width":1170,"height":781},{"@type":"BreadcrumbList","@id":"https:\/\/www.valenciaandgo.com\/san-vicente-martir-historia-valencia\/#breadcrumb","itemListElement":[{"@type":"ListItem","position":1,"name":"Portada","item":"https:\/\/www.valenciaandgo.com\/"},{"@type":"ListItem","position":2,"name":"San Vicente M\u00e1rtir: Descubre su Historia y Legado en Valencia"}]},{"@type":"WebSite","@id":"https:\/\/www.valenciaandgo.com\/it\/#website","url":"https:\/\/www.valenciaandgo.com\/it\/","name":"Valencia&amp;Go","description":"Tours of Valencia and the surrounding area.","publisher":{"@id":"https:\/\/www.valenciaandgo.com\/it\/#organization"},"potentialAction":[{"@type":"SearchAction","target":{"@type":"EntryPoint","urlTemplate":"https:\/\/www.valenciaandgo.com\/it\/?s={search_term_string}"},"query-input":{"@type":"PropertyValueSpecification","valueRequired":true,"valueName":"search_term_string"}}],"inLanguage":"en-GB"},{"@type":"Organization","@id":"https:\/\/www.valenciaandgo.com\/it\/#organization","name":"Valencia&amp;Go","url":"https:\/\/www.valenciaandgo.com\/it\/","logo":{"@type":"ImageObject","inLanguage":"en-GB","@id":"https:\/\/www.valenciaandgo.com\/it\/#\/schema\/logo\/image\/","url":"https:\/\/www.valenciaandgo.com\/wp-content\/uploads\/2025\/10\/valencia_go-svg-blnc-iso-naranja.svg","contentUrl":"https:\/\/www.valenciaandgo.com\/wp-content\/uploads\/2025\/10\/valencia_go-svg-blnc-iso-naranja.svg","width":434,"height":102,"caption":"Valencia&Go"},"image":{"@id":"https:\/\/www.valenciaandgo.com\/it\/#\/schema\/logo\/image\/"},"sameAs":["https:\/\/www.facebook.com\/valenciaandgo\/","https:\/\/www.instagram.com\/valenciaandgo","https:\/\/www.linkedin.com\/company\/valencia-go\/","https:\/\/www.tiktok.com\/@valenciaandgo"]},{"@type":"Person","@id":"https:\/\/www.valenciaandgo.com\/it\/#\/schema\/person\/d6e9fc8911f61d877353aabcb0214213","name":"Valencia &amp; Go","sameAs":["https:\/\/valenciaandgo.com"],"url":"https:\/\/www.valenciaandgo.com\/en\/author\/valencia\/"}]}},"_links":{"self":[{"href":"https:\/\/www.valenciaandgo.com\/en\/wp-json\/wp\/v2\/posts\/547","targetHints":{"allow":["GET"]}}],"collection":[{"href":"https:\/\/www.valenciaandgo.com\/en\/wp-json\/wp\/v2\/posts"}],"about":[{"href":"https:\/\/www.valenciaandgo.com\/en\/wp-json\/wp\/v2\/types\/post"}],"author":[{"embeddable":true,"href":"https:\/\/www.valenciaandgo.com\/en\/wp-json\/wp\/v2\/users\/1"}],"replies":[{"embeddable":true,"href":"https:\/\/www.valenciaandgo.com\/en\/wp-json\/wp\/v2\/comments?post=547"}],"version-history":[{"count":0,"href":"https:\/\/www.valenciaandgo.com\/en\/wp-json\/wp\/v2\/posts\/547\/revisions"}],"wp:featuredmedia":[{"embeddable":true,"href":"https:\/\/www.valenciaandgo.com\/en\/wp-json\/wp\/v2\/media\/750"}],"wp:attachment":[{"href":"https:\/\/www.valenciaandgo.com\/en\/wp-json\/wp\/v2\/media?parent=547"}],"wp:term":[{"taxonomy":"category","embeddable":true,"href":"https:\/\/www.valenciaandgo.com\/en\/wp-json\/wp\/v2\/categories?post=547"},{"taxonomy":"post_tag","embeddable":true,"href":"https:\/\/www.valenciaandgo.com\/en\/wp-json\/wp\/v2\/tags?post=547"}],"curies":[{"name":"wp","href":"https:\/\/api.w.org\/{rel}","templated":true}]}}