{"id":549,"date":"2025-02-06T10:48:00","date_gmt":"2025-02-06T10:48:00","guid":{"rendered":"https:\/\/new.valenciaandgo.com\/?p=549"},"modified":"2026-03-14T13:01:26","modified_gmt":"2026-03-14T13:01:26","slug":"valencia-valentines-day-plans","status":"publish","type":"post","link":"https:\/\/www.valenciaandgo.com\/en\/planes-san-valentin-valencia\/","title":{"rendered":"The Best Valentine's Day Plans in Valencia"},"content":{"rendered":"<div data-elementor-type=\"wp-post\" data-elementor-id=\"549\" class=\"elementor elementor-549\" data-elementor-post-type=\"post\">\n\t\t\t\t<div class=\"elementor-element elementor-element-73f12fed e-flex e-con-boxed e-con e-parent\" data-id=\"73f12fed\" data-element_type=\"container\" data-e-type=\"container\">\n\t\t\t\t\t<div class=\"e-con-inner\">\n\t\t<div class=\"elementor-element elementor-element-45f84693 e-con-full e-flex e-con e-child\" data-id=\"45f84693\" data-element_type=\"container\" data-e-type=\"container\">\n\t\t<div class=\"elementor-element elementor-element-71ea2a17 e-con-full e-flex e-con e-child\" data-id=\"71ea2a17\" data-element_type=\"container\" data-e-type=\"container\">\n\t\t\t\t<div class=\"elementor-element elementor-element-2004f40e elementor-widget elementor-widget-heading\" data-id=\"2004f40e\" data-element_type=\"widget\" data-e-type=\"widget\" data-widget_type=\"heading.default\">\n\t\t\t\t\t<h2 class=\"elementor-heading-title elementor-size-default\">Unique experiences to enjoy as a couple, alone or with friends.<\/h2>\t\t\t\t<\/div>\n\t\t\t\t<\/div>\n\t\t<div class=\"elementor-element elementor-element-2a7d3463 e-con-full e-flex e-con e-child\" data-id=\"2a7d3463\" data-element_type=\"container\" data-e-type=\"container\">\n\t\t\t\t<div class=\"elementor-element elementor-element-57b28a05 elementor-widget elementor-widget-text-editor\" data-id=\"57b28a05\" data-element_type=\"widget\" data-e-type=\"widget\" data-widget_type=\"text-editor.default\">\n\t\t\t\t\t\t\t\t\t<p>Valentine's Day is just around the corner and, if you're looking to surprise your partner with an unforgettable experience, Valencia offers perfect options. But this day is not just for lovers: it is also a great opportunity to enjoy with friends or treat yourself. From a boat trip on the Albufera to a wine tasting in Utiel-Requena or an adventure in the Caves of San Jos\u00e9, here are the best proposals to celebrate the day of love in your own way.<\/p>\n<p><!-- \/wp:paragraph --><!-- wp:image {\"id\":11490,\"width\":\"667px\",\"height\":\"auto\",\"align\":\"center\"} --><\/p>\n<figure class=\"wp-block-image aligncenter is-resized\"><img fetchpriority=\"high\" decoding=\"async\" class=\"alignnone size-full wp-image-3428\" src=\"https:\/\/valenciaandgo.com\/wp-content\/uploads\/2025\/12\/img-cata-vino-requena.webp\" alt=\"\" width=\"1920\" height=\"1080\" \/><\/figure>\n<p><!-- \/wp:image --><!-- wp:heading --><\/p>\t\t\t\t\t\t\t\t<\/div>\n\t\t\t\t<\/div>\n\t\t\t\t<\/div>\n\t\t<div class=\"elementor-element elementor-element-4b673a9 e-con-full e-flex e-con e-child\" data-id=\"4b673a9\" data-element_type=\"container\" data-e-type=\"container\">\n\t\t<div class=\"elementor-element elementor-element-39eb9f8 e-con-full e-flex e-con e-child\" data-id=\"39eb9f8\" data-element_type=\"container\" data-e-type=\"container\">\n\t\t\t\t<div class=\"elementor-element elementor-element-8d0c95f elementor-widget elementor-widget-heading\" data-id=\"8d0c95f\" data-element_type=\"widget\" data-e-type=\"widget\" data-widget_type=\"heading.default\">\n\t\t\t\t\t<h2 class=\"elementor-heading-title elementor-size-default\">1. Romantic Walk along the Albufera with Private Option and Exclusive Meal<\/h2>\t\t\t\t<\/div>\n\t\t\t\t<\/div>\n\t\t<div class=\"elementor-element elementor-element-714b398 e-con-full e-flex e-con e-child\" data-id=\"714b398\" data-element_type=\"container\" data-e-type=\"container\">\n\t\t\t\t<div class=\"elementor-element elementor-element-3f70c78 elementor-widget elementor-widget-text-editor\" data-id=\"3f70c78\" data-element_type=\"widget\" data-e-type=\"widget\" data-widget_type=\"text-editor.default\">\n\t\t\t\t\t\t\t\t\t<p>If you are looking for a unique moment, nothing beats a <strong><a href=\"https:\/\/valenciaandgo.com\/excursiones\/excursion-al-parque-natural-de-la-albufera\/\">boat trip at sunset on the Albufera<\/a><\/strong>. This emblematic natural park offers one of the most spectacular views in Valencia and, with the option of doing the excursion privately, you can enjoy the tranquillity of the surroundings with your partner, friends or alone. In addition, you can complete the experience with <strong>an exclusive lunch or dinner in a typical restaurant<\/strong>, tasting an authentic Valencian paella in front of the lake.<\/p>\n<p><!-- \/wp:paragraph --><!-- wp:image {\"id\":11496,\"width\":\"535px\",\"height\":\"auto\",\"sizeSlug\":\"large\",\"linkDestination\":\"none\",\"align\":\"center\"} --><\/p>\n<figure class=\"wp-block-image aligncenter size-large is-resized\"><img decoding=\"async\" class=\"alignnone size-full wp-image-3402\" src=\"https:\/\/valenciaandgo.com\/wp-content\/uploads\/2025\/12\/img-paseo-romantico-albufera.webp\" alt=\"\" width=\"1920\" height=\"1080\" \/><\/figure>\n<p><!-- \/wp:image --><!-- wp:list --><\/p>\n<ul class=\"wp-block-list\"><!-- wp:list-item -->\n<li><strong>Ideal for:<\/strong> Couples, friends or those looking for a relaxing and special experience.<\/li>\n<!-- \/wp:list-item --><!-- wp:list-item -->\n<li><strong>It includes:<\/strong> Private boat trip, optional lunch, transport, guided tour of the natural park.<\/li>\n<!-- \/wp:list-item --><!-- wp:list-item -->\n<li><strong>Best moment:<\/strong> Sunset, when the sky is tinged with shades of orange and pink.<\/li>\n<\/ul>\t\t\t\t\t\t\t\t<\/div>\n\t\t\t\t<\/div>\n\t\t\t\t<\/div>\n\t\t<div class=\"elementor-element elementor-element-1211d87 e-con-full e-flex e-con e-child\" data-id=\"1211d87\" data-element_type=\"container\" data-e-type=\"container\">\n\t\t<div class=\"elementor-element elementor-element-6c5f0b0 e-con-full e-flex e-con e-child\" data-id=\"6c5f0b0\" data-element_type=\"container\" data-e-type=\"container\">\n\t\t\t\t<div class=\"elementor-element elementor-element-04ef04f elementor-widget elementor-widget-heading\" data-id=\"04ef04f\" data-element_type=\"widget\" data-e-type=\"widget\" data-widget_type=\"heading.default\">\n\t\t\t\t\t<h2 class=\"elementor-heading-title elementor-size-default\">2. Half Day Excursion to the Wineries of Utiel-Requena with Wine Tasting<\/h2>\t\t\t\t<\/div>\n\t\t\t\t<\/div>\n\t\t<div class=\"elementor-element elementor-element-6660ae1 e-con-full e-flex e-con e-child\" data-id=\"6660ae1\" data-element_type=\"container\" data-e-type=\"container\">\n\t\t\t\t<div class=\"elementor-element elementor-element-098cded elementor-widget elementor-widget-text-editor\" data-id=\"098cded\" data-element_type=\"widget\" data-e-type=\"widget\" data-widget_type=\"text-editor.default\">\n\t\t\t\t\t\t\t\t\t<p>For wine lovers, a <a href=\"https:\/\/valenciaandgo.com\/excursiones\/excursion-bodegas\/\">excursion to <strong>the Utiel-Requena wineries<\/strong><\/a> is the perfect plan for Valentine's Day. This region is famous for its Bobal grape variety and its centenary wineries where you can learn about the winemaking process and enjoy a wine tasting with food and wine pairing.<\/p>\n<p><!-- \/wp:paragraph --><!-- wp:image {\"id\":11499,\"width\":\"689px\",\"height\":\"auto\",\"sizeSlug\":\"large\",\"linkDestination\":\"none\",\"align\":\"center\"} --><\/p>\n<figure class=\"wp-block-image aligncenter size-large is-resized\"><img decoding=\"async\" class=\"alignnone size-full wp-image-3431\" src=\"https:\/\/valenciaandgo.com\/wp-content\/uploads\/2025\/12\/img-bodegas-utiel-requena.webp\" alt=\"\" width=\"1920\" height=\"886\" \/><\/figure>\n<p><!-- \/wp:image --><!-- wp:list --><\/p>\n<ul class=\"wp-block-list\"><!-- wp:list-item -->\n<li><strong>Ideal for:<\/strong> Couples, groups of friends or wine lovers who want to enjoy a different kind of day out.<\/li>\n<!-- \/wp:list-item --><!-- wp:list-item -->\n<li><strong>It includes:<\/strong> Transport, guided tour of the wineries and wine tasting with food and wine pairing.<\/li>\n<!-- \/wp:list-item --><!-- wp:list-item -->\n<li><strong>Duration:<\/strong> Half day, perfect to combine with another plan in the city.<\/li>\n<\/ul>\t\t\t\t\t\t\t\t<\/div>\n\t\t\t\t<\/div>\n\t\t\t\t<\/div>\n\t\t<div class=\"elementor-element elementor-element-7d0830e e-con-full e-flex e-con e-child\" data-id=\"7d0830e\" data-element_type=\"container\" data-e-type=\"container\">\n\t\t<div class=\"elementor-element elementor-element-430b6df e-con-full e-flex e-con e-child\" data-id=\"430b6df\" data-element_type=\"container\" data-e-type=\"container\">\n\t\t\t\t<div class=\"elementor-element elementor-element-7690949 elementor-widget elementor-widget-heading\" data-id=\"7690949\" data-element_type=\"widget\" data-e-type=\"widget\" data-widget_type=\"heading.default\">\n\t\t\t\t\t<h2 class=\"elementor-heading-title elementor-size-default\">3. San Jos\u00e9 Caves Adventure: A Magical Journey Underground<\/h2>\t\t\t\t<\/div>\n\t\t\t\t<\/div>\n\t\t<div class=\"elementor-element elementor-element-40eacee e-con-full e-flex e-con e-child\" data-id=\"40eacee\" data-element_type=\"container\" data-e-type=\"container\">\n\t\t\t\t<div class=\"elementor-element elementor-element-4a8736f elementor-widget elementor-widget-text-editor\" data-id=\"4a8736f\" data-element_type=\"widget\" data-e-type=\"widget\" data-widget_type=\"text-editor.default\">\n\t\t\t\t\t\t\t\t\t<p>If you prefer a different experience and full of mystery, the <a href=\"https:\/\/valenciaandgo.com\/excursiones\/cuevas-de-san-jose\/\"><strong>Caves of San Jos\u00e9<\/strong> <\/a>in Vall d'Uix\u00f3 are the perfect choice. This is the longest navigable underground river in Europe and allows you to enjoy a boat trip surrounded by impressive geological formations. The dim lighting and the tranquillity of the water create an ideal atmosphere for a special date or a different kind of getaway with friends.<\/p>\n<p><!-- \/wp:paragraph --><!-- wp:image {\"id\":11502,\"width\":\"652px\",\"height\":\"auto\",\"align\":\"center\"} --><\/p>\n<figure class=\"wp-block-image aligncenter is-resized\"><img loading=\"lazy\" decoding=\"async\" class=\"alignnone size-full wp-image-3423\" src=\"https:\/\/valenciaandgo.com\/wp-content\/uploads\/2025\/12\/img-cuevas-san-jose-01.webp\" alt=\"\" width=\"1920\" height=\"1080\" \/><\/figure>\n<p><!-- \/wp:image --><!-- wp:list --><\/p>\n<ul class=\"wp-block-list\"><!-- wp:list-item -->\n<li><strong>Ideal for:<\/strong> Couples, groups of friends or solo travellers in search of adventure.<\/li>\n<!-- \/wp:list-item --><!-- wp:list-item -->\n<li><strong>It includes:<\/strong> Transport, guide, entrance to the caves and guided boat tour.<\/li>\n<!-- \/wp:list-item --><!-- wp:list-item -->\n<li><strong>Fun fact:<\/strong> The temperature inside the caves remains constant throughout the year, at around 20\u00b0C.<\/li>\n<\/ul>\t\t\t\t\t\t\t\t<\/div>\n\t\t\t\t<\/div>\n\t\t\t\t<\/div>\n\t\t<div class=\"elementor-element elementor-element-bb3604d e-con-full e-flex e-con e-child\" data-id=\"bb3604d\" data-element_type=\"container\" data-e-type=\"container\">\n\t\t<div class=\"elementor-element elementor-element-6f12e45 e-con-full e-flex e-con e-child\" data-id=\"6f12e45\" data-element_type=\"container\" data-e-type=\"container\">\n\t\t\t\t<div class=\"elementor-element elementor-element-9ea16e9 elementor-widget elementor-widget-heading\" data-id=\"9ea16e9\" data-element_type=\"widget\" data-e-type=\"widget\" data-widget_type=\"heading.default\">\n\t\t\t\t\t<h2 class=\"elementor-heading-title elementor-size-default\">4. Exclusive Plans in Valencia for Valentine's Day 2025<\/h2>\t\t\t\t<\/div>\n\t\t\t\t<\/div>\n\t\t<div class=\"elementor-element elementor-element-59c1ed5 e-con-full e-flex e-con e-child\" data-id=\"59c1ed5\" data-element_type=\"container\" data-e-type=\"container\">\n\t\t\t\t<div class=\"elementor-element elementor-element-e7fe7e4 elementor-widget elementor-widget-text-editor\" data-id=\"e7fe7e4\" data-element_type=\"widget\" data-e-type=\"widget\" data-widget_type=\"text-editor.default\">\n\t\t\t\t\t\t\t\t\t<p>If you want something different and alternative for this February 14th, Valencia also offers special events:<\/p>\n<p><!-- \/wp:paragraph --><!-- wp:list --><\/p>\n<ul class=\"wp-block-list\"><!-- wp:list-item -->\n<li><strong>Exhibition \u00abArt i natura. Un segle de biomorfisme\u00bb at CaixaForum<\/strong>An artistic tour on the relationship between art and nature, ideal for culture lovers.<\/li>\n<!-- \/wp:list-item --><!-- wp:list-item -->\n<li><strong>Ninot 2025 Exhibition<\/strong>Experience the atmosphere before the Fallas by discovering the figures that will compete to be pardoned from the fire.<\/li>\n<!-- \/wp:list-item --><!-- wp:list-item -->\n<li><strong>Solidarity Festival with our brass bands<\/strong>Enjoy live concerts and support local talent at a year-round event taking place on 14 and 15 February.<\/li>\n<\/ul>\t\t\t\t\t\t\t\t<\/div>\n\t\t\t\t<\/div>\n\t\t\t\t<\/div>\n\t\t<div class=\"elementor-element elementor-element-d34d0d0 e-con-full e-flex e-con e-child\" data-id=\"d34d0d0\" data-element_type=\"container\" data-e-type=\"container\">\n\t\t<div class=\"elementor-element elementor-element-0dac79b e-con-full e-flex e-con e-child\" data-id=\"0dac79b\" data-element_type=\"container\" data-e-type=\"container\">\n\t\t\t\t<div class=\"elementor-element elementor-element-9a28008 elementor-widget elementor-widget-heading\" data-id=\"9a28008\" data-element_type=\"widget\" data-e-type=\"widget\" data-widget_type=\"heading.default\">\n\t\t\t\t\t<h2 class=\"elementor-heading-title elementor-size-default\">Celebrate Valentine's Day with an Unforgettable Experience<\/h2>\t\t\t\t<\/div>\n\t\t\t\t<\/div>\n\t\t<div class=\"elementor-element elementor-element-c2eadaa e-con-full e-flex e-con e-child\" data-id=\"c2eadaa\" data-element_type=\"container\" data-e-type=\"container\">\n\t\t\t\t<div class=\"elementor-element elementor-element-057842b elementor-widget elementor-widget-text-editor\" data-id=\"057842b\" data-element_type=\"widget\" data-e-type=\"widget\" data-widget_type=\"text-editor.default\">\n\t\t\t\t\t\t\t\t\t<p>Whether enjoying a romantic stroll in the Albufera, wine tasting in the best wineries of Utiel-Requena, exploring the fascinating Cuevas de San Jos\u00e9 or attending exclusive February 14th events, Valencia offers perfect options to celebrate love. <strong>But remember: Valentine's Day can also be a day to love yourself or share with friends.<\/strong>.<\/p>\n<p><!-- \/wp:paragraph --><!-- wp:paragraph --><\/p>\n<p>Book any of these experiences with <strong>Valencia &amp; Go<\/strong> and experience an unforgettable Valentine's Day.<\/p>\n<p><!-- \/wp:paragraph --><!-- wp:paragraph --><\/p>\n<p><strong>Make your reservation now and enjoy a different plan this February 14th, as a couple, with friends or alone!<\/strong><\/p>\n<p><!-- \/wp:paragraph --><!-- wp:paragraph --><\/p>\n<p>Follow us on our <a href=\"https:\/\/www.instagram.com\/valenciaandgo\/?hl=es\">social media<\/a> so you don't miss anything about the history, traditions and plans in Valencia.<\/p>\t\t\t\t\t\t\t\t<\/div>\n\t\t\t\t<\/div>\n\t\t\t\t<\/div>\n\t\t\t\t\t<\/div>\n\t\t\t\t<\/div>\n\t\t\t\t<\/div>","protected":false},"excerpt":{"rendered":"<p>Experiencias \u00fanicas para disfrutar en pareja, solo o con amigo San Valent\u00edn est\u00e1 a la vuelta de la esquina y, si buscas sorprender a tu pareja con una experiencia inolvidable, Valencia ofrece opciones perfectas. Pero este d\u00eda no es solo para enamorados: tambi\u00e9n es una gran oportunidad para disfrutar con amigos o darte un capricho [&hellip;]<\/p>\n","protected":false},"author":1,"featured_media":742,"comment_status":"closed","ping_status":"closed","sticky":false,"template":"","format":"standard","meta":{"_acf_changed":false,"footnotes":""},"categories":[24,54],"tags":[57,53],"class_list":["post-549","post","type-post","status-publish","format-standard","has-post-thumbnail","hentry","category-noticias","category-que-hacer","tag-planes-exterior","tag-valencia"],"acf":[],"yoast_head":"<!-- This site is optimized with the Yoast SEO plugin v27.5 - https:\/\/yoast.com\/product\/yoast-seo-wordpress\/ -->\n<title>Planes Rom\u00e1nticos para San Valent\u00edn en Valencia<\/title>\n<meta name=\"description\" content=\"Descubre los mejores planes para San Valent\u00edn en Valencia: desde un paseo rom\u00e1ntico por la Albufera hasta una cata de vinos en Utiel-Requena.\" \/>\n<meta name=\"robots\" content=\"index, follow, max-snippet:-1, max-image-preview:large, max-video-preview:-1\" \/>\n<link rel=\"canonical\" href=\"https:\/\/www.valenciaandgo.com\/en\/valencia-valentines-day-plans\/\" \/>\n<meta property=\"og:locale\" content=\"en_GB\" \/>\n<meta property=\"og:type\" content=\"article\" \/>\n<meta property=\"og:title\" content=\"Planes Rom\u00e1nticos para San Valent\u00edn en Valencia\" \/>\n<meta property=\"og:description\" content=\"Descubre los mejores planes para San Valent\u00edn en Valencia: desde un paseo rom\u00e1ntico por la Albufera hasta una cata de vinos en Utiel-Requena.\" \/>\n<meta property=\"og:url\" content=\"https:\/\/www.valenciaandgo.com\/en\/valencia-valentines-day-plans\/\" \/>\n<meta property=\"og:site_name\" content=\"Valencia&amp;Go\" \/>\n<meta property=\"article:publisher\" content=\"https:\/\/www.facebook.com\/valenciaandgo\/\" \/>\n<meta property=\"article:published_time\" content=\"2025-02-06T10:48:00+00:00\" \/>\n<meta property=\"article:modified_time\" content=\"2026-03-14T13:01:26+00:00\" \/>\n<meta property=\"og:image\" content=\"https:\/\/www.valenciaandgo.com\/wp-content\/uploads\/2025\/11\/img-blog-planes-san-valentin-valencia.webp\" \/>\n\t<meta property=\"og:image:width\" content=\"1170\" \/>\n\t<meta property=\"og:image:height\" content=\"783\" \/>\n\t<meta property=\"og:image:type\" content=\"image\/webp\" \/>\n<meta name=\"author\" content=\"Valencia &amp; Go\" \/>\n<meta name=\"twitter:card\" content=\"summary_large_image\" \/>\n<meta name=\"twitter:label1\" content=\"Written by\" \/>\n\t<meta name=\"twitter:data1\" content=\"Valencia &amp; Go\" \/>\n\t<meta name=\"twitter:label2\" content=\"Estimated reading time\" \/>\n\t<meta name=\"twitter:data2\" content=\"4 minutes\" \/>\n<script type=\"application\/ld+json\" class=\"yoast-schema-graph\">{\"@context\":\"https:\\\/\\\/schema.org\",\"@graph\":[{\"@type\":\"Article\",\"@id\":\"https:\\\/\\\/www.valenciaandgo.com\\\/planes-san-valentin-valencia\\\/#article\",\"isPartOf\":{\"@id\":\"https:\\\/\\\/www.valenciaandgo.com\\\/planes-san-valentin-valencia\\\/\"},\"author\":{\"name\":\"Valencia &amp; Go\",\"@id\":\"https:\\\/\\\/www.valenciaandgo.com\\\/it\\\/#\\\/schema\\\/person\\\/d6e9fc8911f61d877353aabcb0214213\"},\"headline\":\"Los Mejores Planes para San Valent\u00edn en Valencia\",\"datePublished\":\"2025-02-06T10:48:00+00:00\",\"dateModified\":\"2026-03-14T13:01:26+00:00\",\"mainEntityOfPage\":{\"@id\":\"https:\\\/\\\/www.valenciaandgo.com\\\/planes-san-valentin-valencia\\\/\"},\"wordCount\":735,\"publisher\":{\"@id\":\"https:\\\/\\\/www.valenciaandgo.com\\\/it\\\/#organization\"},\"image\":{\"@id\":\"https:\\\/\\\/www.valenciaandgo.com\\\/planes-san-valentin-valencia\\\/#primaryimage\"},\"thumbnailUrl\":\"https:\\\/\\\/www.valenciaandgo.com\\\/wp-content\\\/uploads\\\/2025\\\/11\\\/img-blog-planes-san-valentin-valencia.webp\",\"keywords\":[\"planes exterior\",\"Valencia\"],\"articleSection\":[\"Noticias\",\"Qu\u00e9 hacer\"],\"inLanguage\":\"en-GB\"},{\"@type\":\"WebPage\",\"@id\":\"https:\\\/\\\/www.valenciaandgo.com\\\/planes-san-valentin-valencia\\\/\",\"url\":\"https:\\\/\\\/www.valenciaandgo.com\\\/planes-san-valentin-valencia\\\/\",\"name\":\"Planes Rom\u00e1nticos para San Valent\u00edn en Valencia\",\"isPartOf\":{\"@id\":\"https:\\\/\\\/www.valenciaandgo.com\\\/it\\\/#website\"},\"primaryImageOfPage\":{\"@id\":\"https:\\\/\\\/www.valenciaandgo.com\\\/planes-san-valentin-valencia\\\/#primaryimage\"},\"image\":{\"@id\":\"https:\\\/\\\/www.valenciaandgo.com\\\/planes-san-valentin-valencia\\\/#primaryimage\"},\"thumbnailUrl\":\"https:\\\/\\\/www.valenciaandgo.com\\\/wp-content\\\/uploads\\\/2025\\\/11\\\/img-blog-planes-san-valentin-valencia.webp\",\"datePublished\":\"2025-02-06T10:48:00+00:00\",\"dateModified\":\"2026-03-14T13:01:26+00:00\",\"description\":\"Descubre los mejores planes para San Valent\u00edn en Valencia: desde un paseo rom\u00e1ntico por la Albufera hasta una cata de vinos en Utiel-Requena.\",\"breadcrumb\":{\"@id\":\"https:\\\/\\\/www.valenciaandgo.com\\\/planes-san-valentin-valencia\\\/#breadcrumb\"},\"inLanguage\":\"en-GB\",\"potentialAction\":[{\"@type\":\"ReadAction\",\"target\":[\"https:\\\/\\\/www.valenciaandgo.com\\\/planes-san-valentin-valencia\\\/\"]}]},{\"@type\":\"ImageObject\",\"inLanguage\":\"en-GB\",\"@id\":\"https:\\\/\\\/www.valenciaandgo.com\\\/planes-san-valentin-valencia\\\/#primaryimage\",\"url\":\"https:\\\/\\\/www.valenciaandgo.com\\\/wp-content\\\/uploads\\\/2025\\\/11\\\/img-blog-planes-san-valentin-valencia.webp\",\"contentUrl\":\"https:\\\/\\\/www.valenciaandgo.com\\\/wp-content\\\/uploads\\\/2025\\\/11\\\/img-blog-planes-san-valentin-valencia.webp\",\"width\":1170,\"height\":783},{\"@type\":\"BreadcrumbList\",\"@id\":\"https:\\\/\\\/www.valenciaandgo.com\\\/planes-san-valentin-valencia\\\/#breadcrumb\",\"itemListElement\":[{\"@type\":\"ListItem\",\"position\":1,\"name\":\"Portada\",\"item\":\"https:\\\/\\\/www.valenciaandgo.com\\\/\"},{\"@type\":\"ListItem\",\"position\":2,\"name\":\"Los Mejores Planes para San Valent\u00edn en Valencia\"}]},{\"@type\":\"WebSite\",\"@id\":\"https:\\\/\\\/www.valenciaandgo.com\\\/it\\\/#website\",\"url\":\"https:\\\/\\\/www.valenciaandgo.com\\\/it\\\/\",\"name\":\"Valencia&Go\",\"description\":\"Tours por Valencia y alrededores de ciudad.\",\"publisher\":{\"@id\":\"https:\\\/\\\/www.valenciaandgo.com\\\/it\\\/#organization\"},\"potentialAction\":[{\"@type\":\"SearchAction\",\"target\":{\"@type\":\"EntryPoint\",\"urlTemplate\":\"https:\\\/\\\/www.valenciaandgo.com\\\/it\\\/?s={search_term_string}\"},\"query-input\":{\"@type\":\"PropertyValueSpecification\",\"valueRequired\":true,\"valueName\":\"search_term_string\"}}],\"inLanguage\":\"en-GB\"},{\"@type\":\"Organization\",\"@id\":\"https:\\\/\\\/www.valenciaandgo.com\\\/it\\\/#organization\",\"name\":\"Valencia&Go\",\"url\":\"https:\\\/\\\/www.valenciaandgo.com\\\/it\\\/\",\"logo\":{\"@type\":\"ImageObject\",\"inLanguage\":\"en-GB\",\"@id\":\"https:\\\/\\\/www.valenciaandgo.com\\\/it\\\/#\\\/schema\\\/logo\\\/image\\\/\",\"url\":\"https:\\\/\\\/www.valenciaandgo.com\\\/wp-content\\\/uploads\\\/2025\\\/10\\\/valencia_go-svg-blnc-iso-naranja.svg\",\"contentUrl\":\"https:\\\/\\\/www.valenciaandgo.com\\\/wp-content\\\/uploads\\\/2025\\\/10\\\/valencia_go-svg-blnc-iso-naranja.svg\",\"width\":434,\"height\":102,\"caption\":\"Valencia&Go\"},\"image\":{\"@id\":\"https:\\\/\\\/www.valenciaandgo.com\\\/it\\\/#\\\/schema\\\/logo\\\/image\\\/\"},\"sameAs\":[\"https:\\\/\\\/www.facebook.com\\\/valenciaandgo\\\/\",\"https:\\\/\\\/www.instagram.com\\\/valenciaandgo\",\"https:\\\/\\\/www.linkedin.com\\\/company\\\/valencia-go\\\/\",\"https:\\\/\\\/www.tiktok.com\\\/@valenciaandgo\"]},{\"@type\":\"Person\",\"@id\":\"https:\\\/\\\/www.valenciaandgo.com\\\/it\\\/#\\\/schema\\\/person\\\/d6e9fc8911f61d877353aabcb0214213\",\"name\":\"Valencia &amp; Go\",\"sameAs\":[\"https:\\\/\\\/valenciaandgo.com\"],\"url\":\"https:\\\/\\\/www.valenciaandgo.com\\\/en\\\/author\\\/valencia\\\/\"}]}<\/script>\n<!-- \/ Yoast SEO plugin. -->","yoast_head_json":{"title":"Romantic Valentine's Day plans in Valencia","description":"Discover the best Valentine's Day plans in Valencia: from a romantic walk along the Albufera to a wine tasting in Utiel-Requena.","robots":{"index":"index","follow":"follow","max-snippet":"max-snippet:-1","max-image-preview":"max-image-preview:large","max-video-preview":"max-video-preview:-1"},"canonical":"https:\/\/www.valenciaandgo.com\/en\/valencia-valentines-day-plans\/","og_locale":"en_GB","og_type":"article","og_title":"Planes Rom\u00e1nticos para San Valent\u00edn en Valencia","og_description":"Descubre los mejores planes para San Valent\u00edn en Valencia: desde un paseo rom\u00e1ntico por la Albufera hasta una cata de vinos en Utiel-Requena.","og_url":"https:\/\/www.valenciaandgo.com\/en\/valencia-valentines-day-plans\/","og_site_name":"Valencia&amp;Go","article_publisher":"https:\/\/www.facebook.com\/valenciaandgo\/","article_published_time":"2025-02-06T10:48:00+00:00","article_modified_time":"2026-03-14T13:01:26+00:00","og_image":[{"width":1170,"height":783,"url":"https:\/\/www.valenciaandgo.com\/wp-content\/uploads\/2025\/11\/img-blog-planes-san-valentin-valencia.webp","type":"image\/webp"}],"author":"Valencia &amp; Go","twitter_card":"summary_large_image","twitter_misc":{"Written by":"Valencia &amp; Go","Estimated reading time":"4 minutes"},"schema":{"@context":"https:\/\/schema.org","@graph":[{"@type":"Article","@id":"https:\/\/www.valenciaandgo.com\/planes-san-valentin-valencia\/#article","isPartOf":{"@id":"https:\/\/www.valenciaandgo.com\/planes-san-valentin-valencia\/"},"author":{"name":"Valencia &amp; Go","@id":"https:\/\/www.valenciaandgo.com\/it\/#\/schema\/person\/d6e9fc8911f61d877353aabcb0214213"},"headline":"Los Mejores Planes para San Valent\u00edn en Valencia","datePublished":"2025-02-06T10:48:00+00:00","dateModified":"2026-03-14T13:01:26+00:00","mainEntityOfPage":{"@id":"https:\/\/www.valenciaandgo.com\/planes-san-valentin-valencia\/"},"wordCount":735,"publisher":{"@id":"https:\/\/www.valenciaandgo.com\/it\/#organization"},"image":{"@id":"https:\/\/www.valenciaandgo.com\/planes-san-valentin-valencia\/#primaryimage"},"thumbnailUrl":"https:\/\/www.valenciaandgo.com\/wp-content\/uploads\/2025\/11\/img-blog-planes-san-valentin-valencia.webp","keywords":["planes exterior","Valencia"],"articleSection":["Noticias","Qu\u00e9 hacer"],"inLanguage":"en-GB"},{"@type":"WebPage","@id":"https:\/\/www.valenciaandgo.com\/planes-san-valentin-valencia\/","url":"https:\/\/www.valenciaandgo.com\/planes-san-valentin-valencia\/","name":"Romantic Valentine's Day plans in Valencia","isPartOf":{"@id":"https:\/\/www.valenciaandgo.com\/it\/#website"},"primaryImageOfPage":{"@id":"https:\/\/www.valenciaandgo.com\/planes-san-valentin-valencia\/#primaryimage"},"image":{"@id":"https:\/\/www.valenciaandgo.com\/planes-san-valentin-valencia\/#primaryimage"},"thumbnailUrl":"https:\/\/www.valenciaandgo.com\/wp-content\/uploads\/2025\/11\/img-blog-planes-san-valentin-valencia.webp","datePublished":"2025-02-06T10:48:00+00:00","dateModified":"2026-03-14T13:01:26+00:00","description":"Discover the best Valentine's Day plans in Valencia: from a romantic walk along the Albufera to a wine tasting in Utiel-Requena.","breadcrumb":{"@id":"https:\/\/www.valenciaandgo.com\/planes-san-valentin-valencia\/#breadcrumb"},"inLanguage":"en-GB","potentialAction":[{"@type":"ReadAction","target":["https:\/\/www.valenciaandgo.com\/planes-san-valentin-valencia\/"]}]},{"@type":"ImageObject","inLanguage":"en-GB","@id":"https:\/\/www.valenciaandgo.com\/planes-san-valentin-valencia\/#primaryimage","url":"https:\/\/www.valenciaandgo.com\/wp-content\/uploads\/2025\/11\/img-blog-planes-san-valentin-valencia.webp","contentUrl":"https:\/\/www.valenciaandgo.com\/wp-content\/uploads\/2025\/11\/img-blog-planes-san-valentin-valencia.webp","width":1170,"height":783},{"@type":"BreadcrumbList","@id":"https:\/\/www.valenciaandgo.com\/planes-san-valentin-valencia\/#breadcrumb","itemListElement":[{"@type":"ListItem","position":1,"name":"Portada","item":"https:\/\/www.valenciaandgo.com\/"},{"@type":"ListItem","position":2,"name":"Los Mejores Planes para San Valent\u00edn en Valencia"}]},{"@type":"WebSite","@id":"https:\/\/www.valenciaandgo.com\/it\/#website","url":"https:\/\/www.valenciaandgo.com\/it\/","name":"Valencia&amp;Go","description":"Tours of Valencia and the surrounding area.","publisher":{"@id":"https:\/\/www.valenciaandgo.com\/it\/#organization"},"potentialAction":[{"@type":"SearchAction","target":{"@type":"EntryPoint","urlTemplate":"https:\/\/www.valenciaandgo.com\/it\/?s={search_term_string}"},"query-input":{"@type":"PropertyValueSpecification","valueRequired":true,"valueName":"search_term_string"}}],"inLanguage":"en-GB"},{"@type":"Organization","@id":"https:\/\/www.valenciaandgo.com\/it\/#organization","name":"Valencia&amp;Go","url":"https:\/\/www.valenciaandgo.com\/it\/","logo":{"@type":"ImageObject","inLanguage":"en-GB","@id":"https:\/\/www.valenciaandgo.com\/it\/#\/schema\/logo\/image\/","url":"https:\/\/www.valenciaandgo.com\/wp-content\/uploads\/2025\/10\/valencia_go-svg-blnc-iso-naranja.svg","contentUrl":"https:\/\/www.valenciaandgo.com\/wp-content\/uploads\/2025\/10\/valencia_go-svg-blnc-iso-naranja.svg","width":434,"height":102,"caption":"Valencia&Go"},"image":{"@id":"https:\/\/www.valenciaandgo.com\/it\/#\/schema\/logo\/image\/"},"sameAs":["https:\/\/www.facebook.com\/valenciaandgo\/","https:\/\/www.instagram.com\/valenciaandgo","https:\/\/www.linkedin.com\/company\/valencia-go\/","https:\/\/www.tiktok.com\/@valenciaandgo"]},{"@type":"Person","@id":"https:\/\/www.valenciaandgo.com\/it\/#\/schema\/person\/d6e9fc8911f61d877353aabcb0214213","name":"Valencia &amp; Go","sameAs":["https:\/\/valenciaandgo.com"],"url":"https:\/\/www.valenciaandgo.com\/en\/author\/valencia\/"}]}},"_links":{"self":[{"href":"https:\/\/www.valenciaandgo.com\/en\/wp-json\/wp\/v2\/posts\/549","targetHints":{"allow":["GET"]}}],"collection":[{"href":"https:\/\/www.valenciaandgo.com\/en\/wp-json\/wp\/v2\/posts"}],"about":[{"href":"https:\/\/www.valenciaandgo.com\/en\/wp-json\/wp\/v2\/types\/post"}],"author":[{"embeddable":true,"href":"https:\/\/www.valenciaandgo.com\/en\/wp-json\/wp\/v2\/users\/1"}],"replies":[{"embeddable":true,"href":"https:\/\/www.valenciaandgo.com\/en\/wp-json\/wp\/v2\/comments?post=549"}],"version-history":[{"count":0,"href":"https:\/\/www.valenciaandgo.com\/en\/wp-json\/wp\/v2\/posts\/549\/revisions"}],"wp:featuredmedia":[{"embeddable":true,"href":"https:\/\/www.valenciaandgo.com\/en\/wp-json\/wp\/v2\/media\/742"}],"wp:attachment":[{"href":"https:\/\/www.valenciaandgo.com\/en\/wp-json\/wp\/v2\/media?parent=549"}],"wp:term":[{"taxonomy":"category","embeddable":true,"href":"https:\/\/www.valenciaandgo.com\/en\/wp-json\/wp\/v2\/categories?post=549"},{"taxonomy":"post_tag","embeddable":true,"href":"https:\/\/www.valenciaandgo.com\/en\/wp-json\/wp\/v2\/tags?post=549"}],"curies":[{"name":"wp","href":"https:\/\/api.w.org\/{rel}","templated":true}]}}