{"id":551,"date":"2025-02-14T13:33:00","date_gmt":"2025-02-14T13:33:00","guid":{"rendered":"https:\/\/new.valenciaandgo.com\/?p=551"},"modified":"2026-03-14T13:01:26","modified_gmt":"2026-03-14T13:01:26","slug":"fallas-valencia-2026-complete-guide","status":"publish","type":"post","link":"https:\/\/www.valenciaandgo.com\/en\/fallas-valencia-2026-guia-completa\/","title":{"rendered":"Complete Guide to the Fallas of Valencia 2026: History, Traditions and Indispensable Plans"},"content":{"rendered":"<div data-elementor-type=\"wp-post\" data-elementor-id=\"551\" class=\"elementor elementor-551\" data-elementor-post-type=\"post\">\n\t\t\t\t<div class=\"elementor-element elementor-element-63e642c0 e-flex e-con-boxed e-con e-parent\" data-id=\"63e642c0\" data-element_type=\"container\" data-e-type=\"container\">\n\t\t\t\t\t<div class=\"e-con-inner\">\n\t\t<div class=\"elementor-element elementor-element-9bfd9c5 e-con-full e-flex e-con e-child\" data-id=\"9bfd9c5\" data-element_type=\"container\" data-e-type=\"container\">\n\t\t\t\t<div class=\"elementor-element elementor-element-33bb3662 elementor-widget elementor-widget-text-editor\" data-id=\"33bb3662\" data-element_type=\"widget\" data-e-type=\"widget\" data-widget_type=\"text-editor.default\">\n\t\t\t\t\t\t\t\t\t\n<p style=\"text-align: left;\">The <strong>Fallas of Valencia<\/strong> are one of the most spectacular festivals in the world, declared a <strong>Intangible Cultural Heritage of Humanity<\/strong> by UNESCO. Every March, the city is filled with art, gunpowder, music and fire in a celebration that attracts thousands of visitors. If you want to find out all about the <strong>Failures 2026<\/strong>, read on because here we tell you <strong>its history, traditions, the official programme and the essential plans to live them to the fullest.<\/strong>.<\/p>\n<p><\/p>\n<figure class=\"wp-block-image aligncenter is-resized\"><img decoding=\"async\" class=\"wp-image-11551 aligncenter\" style=\"width: 627px; height: auto;\" src=\"https:\/\/valenciaandgo.com\/wp-content\/uploads\/2025\/02\/mascleta-614131_1280.jpg\" alt=\"\" \/><\/figure>\n<p><\/p>\n<h2 class=\"wp-block-heading\">\u00a0<\/h2>\n\t\t\t\t\t\t\t\t<\/div>\n\t\t\t\t<\/div>\n\t\t<div class=\"elementor-element elementor-element-4621c496 e-con-full e-flex e-con e-child\" data-id=\"4621c496\" data-element_type=\"container\" data-e-type=\"container\">\n\t\t<div class=\"elementor-element elementor-element-5935d58c e-con-full e-flex e-con e-child\" data-id=\"5935d58c\" data-element_type=\"container\" data-e-type=\"container\">\n\t\t\t\t<div class=\"elementor-element elementor-element-5ec2351e elementor-widget elementor-widget-heading\" data-id=\"5ec2351e\" data-element_type=\"widget\" data-e-type=\"widget\" data-widget_type=\"heading.default\">\n\t\t\t\t\t<h2 class=\"elementor-heading-title elementor-size-default\">History of the Fallas: How was this festival born?<\/h2>\t\t\t\t<\/div>\n\t\t\t\t<\/div>\n\t\t<div class=\"elementor-element elementor-element-55a78190 e-con-full e-flex e-con e-child\" data-id=\"55a78190\" data-element_type=\"container\" data-e-type=\"container\">\n\t\t\t\t<div class=\"elementor-element elementor-element-5ae64328 elementor-widget elementor-widget-text-editor\" data-id=\"5ae64328\" data-element_type=\"widget\" data-e-type=\"widget\" data-widget_type=\"text-editor.default\">\n\t\t\t\t\t\t\t\t\t<p>Las Fallas have their roots in an ancient tradition of Valencian carpenters, who, at the arrival of spring, burned wooden structures called \u00abparots\u00bb to celebrate the end of winter. Over time, these \u00abparots\u00bb evolved into the monumental figures we know today, known as \u00abfallas\u00bb.<\/p>\n<p><!-- \/wp:paragraph --><!-- wp:paragraph --><\/p>\n<p>Each fault is made up of a main structure, the <strong>ninot<\/strong>, accompanied by various satirical scenes criticising current affairs. Creativity and humour are essential in these ephemeral works of art, which culminate in their burning on the night of <strong>the Crem\u00e0<\/strong>, on 19 March.<\/p>\n<p><!-- \/wp:paragraph --><!-- wp:separator --><\/p>\t\t\t\t\t\t\t\t<\/div>\n\t\t\t\t<\/div>\n\t\t\t\t<\/div>\n\t\t<div class=\"elementor-element elementor-element-47604e2 e-con-full e-flex e-con e-child\" data-id=\"47604e2\" data-element_type=\"container\" data-e-type=\"container\">\n\t\t<div class=\"elementor-element elementor-element-b1d746b e-con-full e-flex e-con e-child\" data-id=\"b1d746b\" data-element_type=\"container\" data-e-type=\"container\">\n\t\t\t\t<div class=\"elementor-element elementor-element-245043a elementor-widget elementor-widget-heading\" data-id=\"245043a\" data-element_type=\"widget\" data-e-type=\"widget\" data-widget_type=\"heading.default\">\n\t\t\t\t\t<h2 class=\"elementor-heading-title elementor-size-default\">Fallas Traditions: Key Events You Can't Miss<\/h2>\t\t\t\t<\/div>\n\t\t\t\t<\/div>\n\t\t<div class=\"elementor-element elementor-element-525f458 e-con-full e-flex e-con e-child\" data-id=\"525f458\" data-element_type=\"container\" data-e-type=\"container\">\n\t\t\t\t<div class=\"elementor-element elementor-element-941621c elementor-widget elementor-widget-text-editor\" data-id=\"941621c\" data-element_type=\"widget\" data-e-type=\"widget\" data-widget_type=\"text-editor.default\">\n\t\t\t\t\t\t\t\t\t<p>If it's your first time in the Fallas, there are a few <strong>essential traditions<\/strong> you should know:<\/p>\t\t\t\t\t\t\t\t<\/div>\n\t\t\t\t<\/div>\n\t\t\t\t<\/div>\n\t\t<div class=\"elementor-element elementor-element-1de7e20 e-con-full e-flex e-con e-child\" data-id=\"1de7e20\" data-element_type=\"container\" data-e-type=\"container\">\n\t\t<div class=\"elementor-element elementor-element-9ac0128 e-con-full e-flex e-con e-child\" data-id=\"9ac0128\" data-element_type=\"container\" data-e-type=\"container\">\n\t\t\t\t<div class=\"elementor-element elementor-element-3466e36 elementor-widget elementor-widget-heading\" data-id=\"3466e36\" data-element_type=\"widget\" data-e-type=\"widget\" data-widget_type=\"heading.default\">\n\t\t\t\t\t<h2 class=\"elementor-heading-title elementor-size-default\">1. La Plant\u00e0 <br>(15 March)<\/h2>\t\t\t\t<\/div>\n\t\t\t\t<\/div>\n\t\t<div class=\"elementor-element elementor-element-6c63758 e-con-full e-flex e-con e-child\" data-id=\"6c63758\" data-element_type=\"container\" data-e-type=\"container\">\n\t\t\t\t<div class=\"elementor-element elementor-element-93efe99 elementor-widget elementor-widget-text-editor\" data-id=\"93efe99\" data-element_type=\"widget\" data-e-type=\"widget\" data-widget_type=\"text-editor.default\">\n\t\t\t\t\t\t\t\t\t<p>From the 15th of March onwards, the falleros work all night to set up the falla monuments in the streets of Valencia. It is impressive to see how, in a matter of hours, the city fills up with huge artistic sculptures ready for competition.<\/p>\t\t\t\t\t\t\t\t<\/div>\n\t\t\t\t<\/div>\n\t\t\t\t<\/div>\n\t\t<div class=\"elementor-element elementor-element-5990df7 e-con-full e-flex e-con e-child\" data-id=\"5990df7\" data-element_type=\"container\" data-e-type=\"container\">\n\t\t<div class=\"elementor-element elementor-element-9a52c45 e-con-full e-flex e-con e-child\" data-id=\"9a52c45\" data-element_type=\"container\" data-e-type=\"container\">\n\t\t\t\t<div class=\"elementor-element elementor-element-441d910 elementor-widget elementor-widget-heading\" data-id=\"441d910\" data-element_type=\"widget\" data-e-type=\"widget\" data-widget_type=\"heading.default\">\n\t\t\t\t\t<h2 class=\"elementor-heading-title elementor-size-default\">2. The Masclet\u00e0 <br>(1 to 19 March)<\/h2>\t\t\t\t<\/div>\n\t\t\t\t<\/div>\n\t\t<div class=\"elementor-element elementor-element-848e84b e-con-full e-flex e-con e-child\" data-id=\"848e84b\" data-element_type=\"container\" data-e-type=\"container\">\n\t\t\t\t<div class=\"elementor-element elementor-element-aa8744d elementor-widget elementor-widget-text-editor\" data-id=\"aa8744d\" data-element_type=\"widget\" data-e-type=\"widget\" data-widget_type=\"text-editor.default\">\n\t\t\t\t\t\t\t\t\t<p>Every day at <strong>14:00 hours<\/strong>, The Plaza del Ayuntamiento is filled with the roar of the <strong>Masclet\u00e0<\/strong>, a gunpowder spectacle where the power of sound is the protagonist. <strong>Get ready to feel the vibration in your chest!<\/strong><\/p>\t\t\t\t\t\t\t\t<\/div>\n\t\t\t\t<\/div>\n\t\t\t\t<\/div>\n\t\t<div class=\"elementor-element elementor-element-e551773 e-con-full e-flex e-con e-child\" data-id=\"e551773\" data-element_type=\"container\" data-e-type=\"container\">\n\t\t<div class=\"elementor-element elementor-element-47db46e e-con-full e-flex e-con e-child\" data-id=\"47db46e\" data-element_type=\"container\" data-e-type=\"container\">\n\t\t\t\t<div class=\"elementor-element elementor-element-aad64e1 elementor-widget elementor-widget-heading\" data-id=\"aad64e1\" data-element_type=\"widget\" data-e-type=\"widget\" data-widget_type=\"heading.default\">\n\t\t\t\t\t<h2 class=\"elementor-heading-title elementor-size-default\">3. The Offering of Flowers to the Virgin of the Desamparados <br>(17 and 18 March)<\/h2>\t\t\t\t<\/div>\n\t\t\t\t<\/div>\n\t\t<div class=\"elementor-element elementor-element-00c447d e-con-full e-flex e-con e-child\" data-id=\"00c447d\" data-element_type=\"container\" data-e-type=\"container\">\n\t\t\t\t<div class=\"elementor-element elementor-element-7b3bb3a elementor-widget elementor-widget-text-editor\" data-id=\"7b3bb3a\" data-element_type=\"widget\" data-e-type=\"widget\" data-widget_type=\"text-editor.default\">\n\t\t\t\t\t\t\t\t\t<p>Thousands of falleros and falleras parade to the Plaza de la Virgen to offer flowers to the patron saint of Valencia. With the floral donations, a giant mantle is formed over the image of the Virgin. <strong>An emotional and very visual event.<\/strong><\/p>\n<p><!-- \/wp:paragraph --><!-- wp:image {\"id\":7300,\"width\":\"625px\",\"height\":\"auto\",\"align\":\"center\"} --><\/p>\n<p><!-- \/wp:image --><!-- wp:heading {\"level\":3} --><\/p>\n<h3 class=\"wp-block-heading\"><img fetchpriority=\"high\" decoding=\"async\" class=\"alignnone size-full wp-image-5646\" src=\"https:\/\/valenciaandgo.com\/wp-content\/uploads\/tours-excursiones\/15-tour-fallas\/tour-fallas.webp\" alt=\"\" width=\"920\" height=\"688\" \/><\/h3>\t\t\t\t\t\t\t\t<\/div>\n\t\t\t\t<\/div>\n\t\t\t\t<\/div>\n\t\t<div class=\"elementor-element elementor-element-45728f2 e-con-full e-flex e-con e-child\" data-id=\"45728f2\" data-element_type=\"container\" data-e-type=\"container\">\n\t\t<div class=\"elementor-element elementor-element-7486ff4 e-con-full e-flex e-con e-child\" data-id=\"7486ff4\" data-element_type=\"container\" data-e-type=\"container\">\n\t\t\t\t<div class=\"elementor-element elementor-element-fdf0079 elementor-widget elementor-widget-heading\" data-id=\"fdf0079\" data-element_type=\"widget\" data-e-type=\"widget\" data-widget_type=\"heading.default\">\n\t\t\t\t\t<h2 class=\"elementor-heading-title elementor-size-default\">4. The Crem\u00e0  <br>(19 March)<\/h2>\t\t\t\t<\/div>\n\t\t\t\t<\/div>\n\t\t<div class=\"elementor-element elementor-element-0602cb1 e-con-full e-flex e-con e-child\" data-id=\"0602cb1\" data-element_type=\"container\" data-e-type=\"container\">\n\t\t\t\t<div class=\"elementor-element elementor-element-18372fc elementor-widget elementor-widget-text-editor\" data-id=\"18372fc\" data-element_type=\"widget\" data-e-type=\"widget\" data-widget_type=\"text-editor.default\">\n\t\t\t\t\t\t\t\t\t<p>On the last day of the Fallas, the monuments burn in huge bonfires. At 22:00 the children's fallas are burnt and at midnight it is the turn of the big fallas. The fire symbolises the renewal and the end of the festival.<\/p>\n<p><!-- \/wp:paragraph --><!-- wp:image {\"id\":11548,\"width\":\"790px\",\"height\":\"auto\",\"align\":\"center\"} --><\/p>\t\t\t\t\t\t\t\t<\/div>\n\t\t\t\t<\/div>\n\t\t\t\t<\/div>\n\t\t<div class=\"elementor-element elementor-element-8097ad1 e-con-full e-flex e-con e-child\" data-id=\"8097ad1\" data-element_type=\"container\" data-e-type=\"container\">\n\t\t<div class=\"elementor-element elementor-element-d2cf3fc e-con-full e-flex e-con e-child\" data-id=\"d2cf3fc\" data-element_type=\"container\" data-e-type=\"container\">\n\t\t\t\t<div class=\"elementor-element elementor-element-2b5206f elementor-widget elementor-widget-heading\" data-id=\"2b5206f\" data-element_type=\"widget\" data-e-type=\"widget\" data-widget_type=\"heading.default\">\n\t\t\t\t\t<h2 class=\"elementor-heading-title elementor-size-default\">5. Fallas atmosphere: <br>All Day on the Street<\/h2>\t\t\t\t<\/div>\n\t\t\t\t<\/div>\n\t\t<div class=\"elementor-element elementor-element-807d58f e-con-full e-flex e-con e-child\" data-id=\"807d58f\" data-element_type=\"container\" data-e-type=\"container\">\n\t\t\t\t<div class=\"elementor-element elementor-element-28292d0 elementor-widget elementor-widget-text-editor\" data-id=\"28292d0\" data-element_type=\"widget\" data-e-type=\"widget\" data-widget_type=\"text-editor.default\">\n\t\t\t\t\t\t\t\t\t<p>During the Fallas, the city comes alive from early in the morning until the early hours of the morning. The streets are filled with music, parades, fireworks and, at night, <strong>verbenas<\/strong> and <strong>Fallas marquees<\/strong> where the party goes on until dawn.<\/p>\t\t\t\t\t\t\t\t<\/div>\n\t\t\t\t<\/div>\n\t\t\t\t<\/div>\n\t\t<div class=\"elementor-element elementor-element-d114721 e-con-full e-flex e-con e-child\" data-id=\"d114721\" data-element_type=\"container\" data-e-type=\"container\">\n\t\t<div class=\"elementor-element elementor-element-96be516 e-con-full e-flex e-con e-child\" data-id=\"96be516\" data-element_type=\"container\" data-e-type=\"container\">\n\t\t\t\t<div class=\"elementor-element elementor-element-df74293 elementor-widget elementor-widget-heading\" data-id=\"df74293\" data-element_type=\"widget\" data-e-type=\"widget\" data-widget_type=\"heading.default\">\n\t\t\t\t\t<h2 class=\"elementor-heading-title elementor-size-default\">Official Programme of the Fallas 2026<\/h2>\t\t\t\t<\/div>\n\t\t\t\t<\/div>\n\t\t<div class=\"elementor-element elementor-element-78542a6 e-con-full e-flex e-con e-child\" data-id=\"78542a6\" data-element_type=\"container\" data-e-type=\"container\">\n\t\t\t\t<div class=\"elementor-element elementor-element-e7d4307 elementor-widget elementor-widget-text-editor\" data-id=\"e7d4307\" data-element_type=\"widget\" data-e-type=\"widget\" data-widget_type=\"text-editor.default\">\n\t\t\t\t\t\t\t\t\t<figure class=\"wp-block-image aligncenter is-resized\"><img decoding=\"async\" class=\"alignnone size-full wp-image-3417\" src=\"https:\/\/valenciaandgo.com\/wp-content\/uploads\/2025\/12\/img-fallas-valencia-03.webp\" alt=\"\" width=\"1920\" height=\"1080\" \/><\/figure>\n<p><!-- \/wp:image --><!-- wp:paragraph --><\/p>\n<p>The Fallas not only take place in March, but also have previous events that mark the beginning of the celebrations:<\/p>\n<p><!-- \/wp:paragraph --><!-- wp:list --><\/p>\n<ul class=\"wp-block-list\">\n<li style=\"list-style-type: none;\">\n<ul class=\"wp-block-list\"><!-- wp:list-item --><\/ul>\n<\/li>\n<\/ul>\n<ul>\n<li><strong>Masclet\u00e0s<\/strong> (1-19 March): Every day at 14:00 in the Town Hall Square.<\/li>\n<li><!-- \/wp:list-item --><!-- wp:list-item --><!-- \/wp:list-item --><!-- wp:list-item --><strong>Ninot Exhibition<\/strong> (Until 15 March): Exhibition of the ninots that are candidates to be saved from the fire.<\/li>\n<li><!-- \/wp:list-item --><!-- wp:list-item --><strong>La Plant\u00e0<\/strong> (15th March): The fallas take to the streets of Valencia.<\/li>\n<li><!-- \/wp:list-item --><!-- wp:list-item --><strong>Fireworks displays<\/strong> (15-18 March): Every night at the Paseo de la Alameda.<\/li>\n<li><strong>Nit del foc<\/strong> (18 March): pyrotechnics on the Monteolivete bridge<\/li>\n<li><!-- \/wp:list-item --><!-- wp:list-item --><strong>Cavalcade of Fire<\/strong> (19 March, 19h): Parade of fire and pyrotechnics before the Crem\u00e0.<\/li>\n<li><!-- \/wp:list-item --><!-- wp:list-item --><strong>La Crem\u00e0<\/strong> (19 March): Burning of the fallas throughout the city.<\/li>\n<\/ul>\t\t\t\t\t\t\t\t<\/div>\n\t\t\t\t<\/div>\n\t\t\t\t<\/div>\n\t\t<div class=\"elementor-element elementor-element-a47332f e-con-full e-flex e-con e-child\" data-id=\"a47332f\" data-element_type=\"container\" data-e-type=\"container\">\n\t\t<div class=\"elementor-element elementor-element-cf1e76a e-con-full e-flex e-con e-child\" data-id=\"cf1e76a\" data-element_type=\"container\" data-e-type=\"container\">\n\t\t\t\t<div class=\"elementor-element elementor-element-e22b6d1 elementor-widget elementor-widget-heading\" data-id=\"e22b6d1\" data-element_type=\"widget\" data-e-type=\"widget\" data-widget_type=\"heading.default\">\n\t\t\t\t\t<h2 class=\"elementor-heading-title elementor-size-default\">Most Famous Faults You Can't Miss<\/h2>\t\t\t\t<\/div>\n\t\t\t\t<\/div>\n\t\t<div class=\"elementor-element elementor-element-650fca9 e-con-full e-flex e-con e-child\" data-id=\"650fca9\" data-element_type=\"container\" data-e-type=\"container\">\n\t\t\t\t<div class=\"elementor-element elementor-element-b4adc46 elementor-widget elementor-widget-text-editor\" data-id=\"b4adc46\" data-element_type=\"widget\" data-e-type=\"widget\" data-widget_type=\"text-editor.default\">\n\t\t\t\t\t\t\t\t\t<figure class=\"wp-block-image aligncenter is-resized\"><img decoding=\"async\" class=\"alignnone size-full wp-image-727\" src=\"https:\/\/valenciaandgo.com\/wp-content\/uploads\/2025\/11\/img-blog-guia-fallas-valencia-25.webp\" alt=\"\" width=\"1170\" height=\"783\" \/><\/figure>\n<p><!-- \/wp:image --><!-- wp:paragraph --><\/p>\n<ul>\n<li><strong>From the City Council<\/strong>The most iconic and the only one financed by Valencia City Council.<!-- \/wp:paragraph --><!-- wp:paragraph --><\/li>\n<li><strong>Jerusalem Convent<\/strong>One of the most awarded, with spectacular monuments every year.<!-- \/wp:paragraph --><!-- wp:paragraph --><\/li>\n<li><strong>Falla Na Jordana<\/strong>Known for its creativity and satirical messages.<!-- \/wp:paragraph --><!-- wp:paragraph --><\/li>\n<li><strong>Cuba-Literato Azor\u00edn<\/strong>The most striking feature is the impressive night-time illumination.<!-- \/wp:paragraph --><!-- wp:paragraph --><\/li>\n<li><strong>Almirante Cadarso-Conde Altea<\/strong>: Always surprising with innovative designs.<\/li>\n<\/ul>\t\t\t\t\t\t\t\t<\/div>\n\t\t\t\t<\/div>\n\t\t\t\t<\/div>\n\t\t<div class=\"elementor-element elementor-element-7bc4878 e-con-full e-flex e-con e-child\" data-id=\"7bc4878\" data-element_type=\"container\" data-e-type=\"container\">\n\t\t<div class=\"elementor-element elementor-element-601f8a2 e-con-full e-flex e-con e-child\" data-id=\"601f8a2\" data-element_type=\"container\" data-e-type=\"container\">\n\t\t\t\t<div class=\"elementor-element elementor-element-f9668fc elementor-widget elementor-widget-heading\" data-id=\"f9668fc\" data-element_type=\"widget\" data-e-type=\"widget\" data-widget_type=\"heading.default\">\n\t\t\t\t\t<h2 class=\"elementor-heading-title elementor-size-default\">Tips for Enjoying the Fallas 2026<\/h2>\t\t\t\t<\/div>\n\t\t\t\t<\/div>\n\t\t<div class=\"elementor-element elementor-element-ecb180e e-con-full e-flex e-con e-child\" data-id=\"ecb180e\" data-element_type=\"container\" data-e-type=\"container\">\n\t\t\t\t<div class=\"elementor-element elementor-element-23758c6 elementor-widget elementor-widget-text-editor\" data-id=\"23758c6\" data-element_type=\"widget\" data-e-type=\"widget\" data-widget_type=\"text-editor.default\">\n\t\t\t\t\t\t\t\t\t<ul>\n<li><strong>Arrive early for events<\/strong>Especially the Masclet\u00e0 and the Ofrenda, as the city fills up with people.<!-- \/wp:paragraph --><!-- wp:paragraph --><\/li>\n<li><strong>Wear comfortable shoes<\/strong>You will walk a lot and the streets will be crowded.<!-- \/wp:paragraph --><!-- wp:paragraph --><\/li>\n<li><strong>Check traffic restrictions<\/strong>During the Fallas, many streets are closed and it is better to use public transport.<!-- \/wp:paragraph --><!-- wp:paragraph --><\/li>\n<li><strong>Book accommodation in advance<\/strong>: Hotels and flats fill up fast.<!-- \/wp:paragraph --><!-- wp:paragraph --><\/li>\n<li><strong>If you don't like the noise, wear earplugs.<\/strong>Masclet\u00e0s can exceed 120 decibels.<\/li>\n<\/ul>\n<p><!-- \/wp:paragraph --><!-- wp:image {\"id\":9353,\"width\":\"547px\",\"height\":\"auto\",\"align\":\"center\"} --><\/p>\n<figure class=\"wp-block-image aligncenter is-resized\"><img loading=\"lazy\" decoding=\"async\" class=\"alignnone size-full wp-image-3416\" src=\"https:\/\/valenciaandgo.com\/wp-content\/uploads\/2025\/12\/img-fallas-valencia-04.webp\" alt=\"\" width=\"1080\" height=\"1080\" \/><\/figure>\n<p><!-- \/wp:image --><!-- wp:heading {\"level\":4} --><\/p>\t\t\t\t\t\t\t\t<\/div>\n\t\t\t\t<\/div>\n\t\t\t\t<\/div>\n\t\t<div class=\"elementor-element elementor-element-36d6904 e-con-full e-flex e-con e-child\" data-id=\"36d6904\" data-element_type=\"container\" data-e-type=\"container\">\n\t\t<div class=\"elementor-element elementor-element-6b5084d e-con-full e-flex e-con e-child\" data-id=\"6b5084d\" data-element_type=\"container\" data-e-type=\"container\">\n\t\t\t\t<div class=\"elementor-element elementor-element-35df3ad elementor-widget elementor-widget-heading\" data-id=\"35df3ad\" data-element_type=\"widget\" data-e-type=\"widget\" data-widget_type=\"heading.default\">\n\t\t\t\t\t<h2 class=\"elementor-heading-title elementor-size-default\">Experience the Fallas in the Best Way with Our Guided Tour<\/h2>\t\t\t\t<\/div>\n\t\t\t\t<\/div>\n\t\t<div class=\"elementor-element elementor-element-3b2bb0c e-con-full e-flex e-con e-child\" data-id=\"3b2bb0c\" data-element_type=\"container\" data-e-type=\"container\">\n\t\t\t\t<div class=\"elementor-element elementor-element-d0f781b elementor-widget elementor-widget-text-editor\" data-id=\"d0f781b\" data-element_type=\"widget\" data-e-type=\"widget\" data-widget_type=\"text-editor.default\">\n\t\t\t\t\t\t\t\t\t<p>If you want to experience the Fallas like a true Valencian and not miss a single detail, <a href=\"https:\/\/valenciaandgo.com\/tours-valencia\/fallas-valencia-tour\/\"><strong>our guided tour will take you to the most special corners of the city<\/strong>.<\/a> You will learn the history behind the monuments, you will enjoy the best Fallas atmosphere and we assure you an unforgettable experience.<\/p>\n<p><!-- \/wp:paragraph --><!-- wp:paragraph --><\/p>\n<p><strong>Make your reservation now and enjoy these fallas like a real Valencian!<\/strong><\/p>\n<p><!-- \/wp:paragraph --><!-- wp:paragraph --><\/p>\n<p>Follow us on our <a href=\"https:\/\/www.instagram.com\/valenciaandgo\/?hl=es\">social media<\/a> so you don't miss anything about the history, traditions and plans in Valencia.<\/p>\t\t\t\t\t\t\t\t<\/div>\n\t\t\t\t<\/div>\n\t\t\t\t<\/div>\n\t\t\t\t\t<\/div>\n\t\t\t\t<\/div>\n\t\t\t\t<\/div>","protected":false},"excerpt":{"rendered":"<p>Las Fallas de Valencia son una de las festividades m\u00e1s espectaculares del mundo, declaradas Patrimonio Cultural Inmaterial de la Humanidad por la UNESCO. Cada marzo, la ciudad se llena de arte, p\u00f3lvora, m\u00fasica y fuego en una celebraci\u00f3n que atrae a miles de visitantes. Si quieres conocer todo sobre las Fallas 2026, sigue leyendo porque [&hellip;]<\/p>\n","protected":false},"author":1,"featured_media":727,"comment_status":"closed","ping_status":"closed","sticky":false,"template":"","format":"standard","meta":{"_acf_changed":false,"footnotes":""},"categories":[22,24,54],"tags":[57,53],"class_list":["post-551","post","type-post","status-publish","format-standard","has-post-thumbnail","hentry","category-cultura-tradiciones","category-noticias","category-que-hacer","tag-planes-exterior","tag-valencia"],"acf":[],"yoast_head":"<!-- This site is optimized with the Yoast SEO plugin v27.5 - https:\/\/yoast.com\/product\/yoast-seo-wordpress\/ -->\n<title>Gu\u00eda completa de Fallas 2026<\/title>\n<meta name=\"description\" content=\"Vive las fallas 2026 como un aut\u00e9ntico valenciano: conoce su historia, tradiciones y planes imprescindibles.\" \/>\n<meta name=\"robots\" content=\"index, follow, max-snippet:-1, max-image-preview:large, max-video-preview:-1\" \/>\n<link rel=\"canonical\" href=\"https:\/\/www.valenciaandgo.com\/en\/fallas-valencia-2026-complete-guide\/\" \/>\n<meta property=\"og:locale\" content=\"en_GB\" \/>\n<meta property=\"og:type\" content=\"article\" \/>\n<meta property=\"og:title\" content=\"Gu\u00eda completa de Fallas 2026\" \/>\n<meta property=\"og:description\" content=\"Vive las fallas 2026 como un aut\u00e9ntico valenciano: conoce su historia, tradiciones y planes imprescindibles.\" \/>\n<meta property=\"og:url\" content=\"https:\/\/www.valenciaandgo.com\/en\/fallas-valencia-2026-complete-guide\/\" \/>\n<meta property=\"og:site_name\" content=\"Valencia&amp;Go\" \/>\n<meta property=\"article:publisher\" content=\"https:\/\/www.facebook.com\/valenciaandgo\/\" \/>\n<meta property=\"article:published_time\" content=\"2025-02-14T13:33:00+00:00\" \/>\n<meta property=\"article:modified_time\" content=\"2026-03-14T13:01:26+00:00\" \/>\n<meta property=\"og:image\" content=\"https:\/\/www.valenciaandgo.com\/wp-content\/uploads\/2025\/11\/img-blog-guia-fallas-valencia-25.webp\" \/>\n\t<meta property=\"og:image:width\" content=\"1170\" \/>\n\t<meta property=\"og:image:height\" content=\"783\" \/>\n\t<meta property=\"og:image:type\" content=\"image\/webp\" \/>\n<meta name=\"author\" content=\"Valencia &amp; Go\" \/>\n<meta name=\"twitter:card\" content=\"summary_large_image\" \/>\n<meta name=\"twitter:label1\" content=\"Written by\" \/>\n\t<meta name=\"twitter:data1\" content=\"Valencia &amp; Go\" \/>\n\t<meta name=\"twitter:label2\" content=\"Estimated reading time\" \/>\n\t<meta name=\"twitter:data2\" content=\"5 minutes\" \/>\n<script type=\"application\/ld+json\" class=\"yoast-schema-graph\">{\"@context\":\"https:\\\/\\\/schema.org\",\"@graph\":[{\"@type\":\"Article\",\"@id\":\"https:\\\/\\\/www.valenciaandgo.com\\\/fallas-valencia-2026-guia-completa\\\/#article\",\"isPartOf\":{\"@id\":\"https:\\\/\\\/www.valenciaandgo.com\\\/fallas-valencia-2026-guia-completa\\\/\"},\"author\":{\"name\":\"Valencia &amp; Go\",\"@id\":\"https:\\\/\\\/www.valenciaandgo.com\\\/it\\\/#\\\/schema\\\/person\\\/d6e9fc8911f61d877353aabcb0214213\"},\"headline\":\"Gu\u00eda Completa de las Fallas de Valencia 2026: Historia, Tradiciones y Planes Imprescindibles\",\"datePublished\":\"2025-02-14T13:33:00+00:00\",\"dateModified\":\"2026-03-14T13:01:26+00:00\",\"mainEntityOfPage\":{\"@id\":\"https:\\\/\\\/www.valenciaandgo.com\\\/fallas-valencia-2026-guia-completa\\\/\"},\"wordCount\":859,\"publisher\":{\"@id\":\"https:\\\/\\\/www.valenciaandgo.com\\\/it\\\/#organization\"},\"image\":{\"@id\":\"https:\\\/\\\/www.valenciaandgo.com\\\/fallas-valencia-2026-guia-completa\\\/#primaryimage\"},\"thumbnailUrl\":\"https:\\\/\\\/www.valenciaandgo.com\\\/wp-content\\\/uploads\\\/2025\\\/11\\\/img-blog-guia-fallas-valencia-25.webp\",\"keywords\":[\"planes exterior\",\"Valencia\"],\"articleSection\":[\"Cultura y tradiciones\",\"Noticias\",\"Qu\u00e9 hacer\"],\"inLanguage\":\"en-GB\"},{\"@type\":\"WebPage\",\"@id\":\"https:\\\/\\\/www.valenciaandgo.com\\\/fallas-valencia-2026-guia-completa\\\/\",\"url\":\"https:\\\/\\\/www.valenciaandgo.com\\\/fallas-valencia-2026-guia-completa\\\/\",\"name\":\"Gu\u00eda completa de Fallas 2026\",\"isPartOf\":{\"@id\":\"https:\\\/\\\/www.valenciaandgo.com\\\/it\\\/#website\"},\"primaryImageOfPage\":{\"@id\":\"https:\\\/\\\/www.valenciaandgo.com\\\/fallas-valencia-2026-guia-completa\\\/#primaryimage\"},\"image\":{\"@id\":\"https:\\\/\\\/www.valenciaandgo.com\\\/fallas-valencia-2026-guia-completa\\\/#primaryimage\"},\"thumbnailUrl\":\"https:\\\/\\\/www.valenciaandgo.com\\\/wp-content\\\/uploads\\\/2025\\\/11\\\/img-blog-guia-fallas-valencia-25.webp\",\"datePublished\":\"2025-02-14T13:33:00+00:00\",\"dateModified\":\"2026-03-14T13:01:26+00:00\",\"description\":\"Vive las fallas 2026 como un aut\u00e9ntico valenciano: conoce su historia, tradiciones y planes imprescindibles.\",\"breadcrumb\":{\"@id\":\"https:\\\/\\\/www.valenciaandgo.com\\\/fallas-valencia-2026-guia-completa\\\/#breadcrumb\"},\"inLanguage\":\"en-GB\",\"potentialAction\":[{\"@type\":\"ReadAction\",\"target\":[\"https:\\\/\\\/www.valenciaandgo.com\\\/fallas-valencia-2026-guia-completa\\\/\"]}]},{\"@type\":\"ImageObject\",\"inLanguage\":\"en-GB\",\"@id\":\"https:\\\/\\\/www.valenciaandgo.com\\\/fallas-valencia-2026-guia-completa\\\/#primaryimage\",\"url\":\"https:\\\/\\\/www.valenciaandgo.com\\\/wp-content\\\/uploads\\\/2025\\\/11\\\/img-blog-guia-fallas-valencia-25.webp\",\"contentUrl\":\"https:\\\/\\\/www.valenciaandgo.com\\\/wp-content\\\/uploads\\\/2025\\\/11\\\/img-blog-guia-fallas-valencia-25.webp\",\"width\":1170,\"height\":783},{\"@type\":\"BreadcrumbList\",\"@id\":\"https:\\\/\\\/www.valenciaandgo.com\\\/fallas-valencia-2026-guia-completa\\\/#breadcrumb\",\"itemListElement\":[{\"@type\":\"ListItem\",\"position\":1,\"name\":\"Portada\",\"item\":\"https:\\\/\\\/www.valenciaandgo.com\\\/\"},{\"@type\":\"ListItem\",\"position\":2,\"name\":\"Gu\u00eda Completa de las Fallas de Valencia 2026: Historia, Tradiciones y Planes Imprescindibles\"}]},{\"@type\":\"WebSite\",\"@id\":\"https:\\\/\\\/www.valenciaandgo.com\\\/it\\\/#website\",\"url\":\"https:\\\/\\\/www.valenciaandgo.com\\\/it\\\/\",\"name\":\"Valencia&Go\",\"description\":\"Tours por Valencia y alrededores de ciudad.\",\"publisher\":{\"@id\":\"https:\\\/\\\/www.valenciaandgo.com\\\/it\\\/#organization\"},\"potentialAction\":[{\"@type\":\"SearchAction\",\"target\":{\"@type\":\"EntryPoint\",\"urlTemplate\":\"https:\\\/\\\/www.valenciaandgo.com\\\/it\\\/?s={search_term_string}\"},\"query-input\":{\"@type\":\"PropertyValueSpecification\",\"valueRequired\":true,\"valueName\":\"search_term_string\"}}],\"inLanguage\":\"en-GB\"},{\"@type\":\"Organization\",\"@id\":\"https:\\\/\\\/www.valenciaandgo.com\\\/it\\\/#organization\",\"name\":\"Valencia&Go\",\"url\":\"https:\\\/\\\/www.valenciaandgo.com\\\/it\\\/\",\"logo\":{\"@type\":\"ImageObject\",\"inLanguage\":\"en-GB\",\"@id\":\"https:\\\/\\\/www.valenciaandgo.com\\\/it\\\/#\\\/schema\\\/logo\\\/image\\\/\",\"url\":\"https:\\\/\\\/www.valenciaandgo.com\\\/wp-content\\\/uploads\\\/2025\\\/10\\\/valencia_go-svg-blnc-iso-naranja.svg\",\"contentUrl\":\"https:\\\/\\\/www.valenciaandgo.com\\\/wp-content\\\/uploads\\\/2025\\\/10\\\/valencia_go-svg-blnc-iso-naranja.svg\",\"width\":434,\"height\":102,\"caption\":\"Valencia&Go\"},\"image\":{\"@id\":\"https:\\\/\\\/www.valenciaandgo.com\\\/it\\\/#\\\/schema\\\/logo\\\/image\\\/\"},\"sameAs\":[\"https:\\\/\\\/www.facebook.com\\\/valenciaandgo\\\/\",\"https:\\\/\\\/www.instagram.com\\\/valenciaandgo\",\"https:\\\/\\\/www.linkedin.com\\\/company\\\/valencia-go\\\/\",\"https:\\\/\\\/www.tiktok.com\\\/@valenciaandgo\"]},{\"@type\":\"Person\",\"@id\":\"https:\\\/\\\/www.valenciaandgo.com\\\/it\\\/#\\\/schema\\\/person\\\/d6e9fc8911f61d877353aabcb0214213\",\"name\":\"Valencia &amp; Go\",\"sameAs\":[\"https:\\\/\\\/valenciaandgo.com\"],\"url\":\"https:\\\/\\\/www.valenciaandgo.com\\\/en\\\/author\\\/valencia\\\/\"}]}<\/script>\n<!-- \/ Yoast SEO plugin. -->","yoast_head_json":{"title":"Complete guide to Fallas 2026","description":"Experience Fallas 2026 like a true Valencian: learn about its history, traditions and essential plans.","robots":{"index":"index","follow":"follow","max-snippet":"max-snippet:-1","max-image-preview":"max-image-preview:large","max-video-preview":"max-video-preview:-1"},"canonical":"https:\/\/www.valenciaandgo.com\/en\/fallas-valencia-2026-complete-guide\/","og_locale":"en_GB","og_type":"article","og_title":"Gu\u00eda completa de Fallas 2026","og_description":"Vive las fallas 2026 como un aut\u00e9ntico valenciano: conoce su historia, tradiciones y planes imprescindibles.","og_url":"https:\/\/www.valenciaandgo.com\/en\/fallas-valencia-2026-complete-guide\/","og_site_name":"Valencia&amp;Go","article_publisher":"https:\/\/www.facebook.com\/valenciaandgo\/","article_published_time":"2025-02-14T13:33:00+00:00","article_modified_time":"2026-03-14T13:01:26+00:00","og_image":[{"width":1170,"height":783,"url":"https:\/\/www.valenciaandgo.com\/wp-content\/uploads\/2025\/11\/img-blog-guia-fallas-valencia-25.webp","type":"image\/webp"}],"author":"Valencia &amp; Go","twitter_card":"summary_large_image","twitter_misc":{"Written by":"Valencia &amp; Go","Estimated reading time":"5 minutes"},"schema":{"@context":"https:\/\/schema.org","@graph":[{"@type":"Article","@id":"https:\/\/www.valenciaandgo.com\/fallas-valencia-2026-guia-completa\/#article","isPartOf":{"@id":"https:\/\/www.valenciaandgo.com\/fallas-valencia-2026-guia-completa\/"},"author":{"name":"Valencia &amp; Go","@id":"https:\/\/www.valenciaandgo.com\/it\/#\/schema\/person\/d6e9fc8911f61d877353aabcb0214213"},"headline":"Gu\u00eda Completa de las Fallas de Valencia 2026: Historia, Tradiciones y Planes Imprescindibles","datePublished":"2025-02-14T13:33:00+00:00","dateModified":"2026-03-14T13:01:26+00:00","mainEntityOfPage":{"@id":"https:\/\/www.valenciaandgo.com\/fallas-valencia-2026-guia-completa\/"},"wordCount":859,"publisher":{"@id":"https:\/\/www.valenciaandgo.com\/it\/#organization"},"image":{"@id":"https:\/\/www.valenciaandgo.com\/fallas-valencia-2026-guia-completa\/#primaryimage"},"thumbnailUrl":"https:\/\/www.valenciaandgo.com\/wp-content\/uploads\/2025\/11\/img-blog-guia-fallas-valencia-25.webp","keywords":["planes exterior","Valencia"],"articleSection":["Cultura y tradiciones","Noticias","Qu\u00e9 hacer"],"inLanguage":"en-GB"},{"@type":"WebPage","@id":"https:\/\/www.valenciaandgo.com\/fallas-valencia-2026-guia-completa\/","url":"https:\/\/www.valenciaandgo.com\/fallas-valencia-2026-guia-completa\/","name":"Complete guide to Fallas 2026","isPartOf":{"@id":"https:\/\/www.valenciaandgo.com\/it\/#website"},"primaryImageOfPage":{"@id":"https:\/\/www.valenciaandgo.com\/fallas-valencia-2026-guia-completa\/#primaryimage"},"image":{"@id":"https:\/\/www.valenciaandgo.com\/fallas-valencia-2026-guia-completa\/#primaryimage"},"thumbnailUrl":"https:\/\/www.valenciaandgo.com\/wp-content\/uploads\/2025\/11\/img-blog-guia-fallas-valencia-25.webp","datePublished":"2025-02-14T13:33:00+00:00","dateModified":"2026-03-14T13:01:26+00:00","description":"Experience Fallas 2026 like a true Valencian: learn about its history, traditions and essential plans.","breadcrumb":{"@id":"https:\/\/www.valenciaandgo.com\/fallas-valencia-2026-guia-completa\/#breadcrumb"},"inLanguage":"en-GB","potentialAction":[{"@type":"ReadAction","target":["https:\/\/www.valenciaandgo.com\/fallas-valencia-2026-guia-completa\/"]}]},{"@type":"ImageObject","inLanguage":"en-GB","@id":"https:\/\/www.valenciaandgo.com\/fallas-valencia-2026-guia-completa\/#primaryimage","url":"https:\/\/www.valenciaandgo.com\/wp-content\/uploads\/2025\/11\/img-blog-guia-fallas-valencia-25.webp","contentUrl":"https:\/\/www.valenciaandgo.com\/wp-content\/uploads\/2025\/11\/img-blog-guia-fallas-valencia-25.webp","width":1170,"height":783},{"@type":"BreadcrumbList","@id":"https:\/\/www.valenciaandgo.com\/fallas-valencia-2026-guia-completa\/#breadcrumb","itemListElement":[{"@type":"ListItem","position":1,"name":"Portada","item":"https:\/\/www.valenciaandgo.com\/"},{"@type":"ListItem","position":2,"name":"Gu\u00eda Completa de las Fallas de Valencia 2026: Historia, Tradiciones y Planes Imprescindibles"}]},{"@type":"WebSite","@id":"https:\/\/www.valenciaandgo.com\/it\/#website","url":"https:\/\/www.valenciaandgo.com\/it\/","name":"Valencia&amp;Go","description":"Tours of Valencia and the surrounding area.","publisher":{"@id":"https:\/\/www.valenciaandgo.com\/it\/#organization"},"potentialAction":[{"@type":"SearchAction","target":{"@type":"EntryPoint","urlTemplate":"https:\/\/www.valenciaandgo.com\/it\/?s={search_term_string}"},"query-input":{"@type":"PropertyValueSpecification","valueRequired":true,"valueName":"search_term_string"}}],"inLanguage":"en-GB"},{"@type":"Organization","@id":"https:\/\/www.valenciaandgo.com\/it\/#organization","name":"Valencia&amp;Go","url":"https:\/\/www.valenciaandgo.com\/it\/","logo":{"@type":"ImageObject","inLanguage":"en-GB","@id":"https:\/\/www.valenciaandgo.com\/it\/#\/schema\/logo\/image\/","url":"https:\/\/www.valenciaandgo.com\/wp-content\/uploads\/2025\/10\/valencia_go-svg-blnc-iso-naranja.svg","contentUrl":"https:\/\/www.valenciaandgo.com\/wp-content\/uploads\/2025\/10\/valencia_go-svg-blnc-iso-naranja.svg","width":434,"height":102,"caption":"Valencia&Go"},"image":{"@id":"https:\/\/www.valenciaandgo.com\/it\/#\/schema\/logo\/image\/"},"sameAs":["https:\/\/www.facebook.com\/valenciaandgo\/","https:\/\/www.instagram.com\/valenciaandgo","https:\/\/www.linkedin.com\/company\/valencia-go\/","https:\/\/www.tiktok.com\/@valenciaandgo"]},{"@type":"Person","@id":"https:\/\/www.valenciaandgo.com\/it\/#\/schema\/person\/d6e9fc8911f61d877353aabcb0214213","name":"Valencia &amp; Go","sameAs":["https:\/\/valenciaandgo.com"],"url":"https:\/\/www.valenciaandgo.com\/en\/author\/valencia\/"}]}},"_links":{"self":[{"href":"https:\/\/www.valenciaandgo.com\/en\/wp-json\/wp\/v2\/posts\/551","targetHints":{"allow":["GET"]}}],"collection":[{"href":"https:\/\/www.valenciaandgo.com\/en\/wp-json\/wp\/v2\/posts"}],"about":[{"href":"https:\/\/www.valenciaandgo.com\/en\/wp-json\/wp\/v2\/types\/post"}],"author":[{"embeddable":true,"href":"https:\/\/www.valenciaandgo.com\/en\/wp-json\/wp\/v2\/users\/1"}],"replies":[{"embeddable":true,"href":"https:\/\/www.valenciaandgo.com\/en\/wp-json\/wp\/v2\/comments?post=551"}],"version-history":[{"count":0,"href":"https:\/\/www.valenciaandgo.com\/en\/wp-json\/wp\/v2\/posts\/551\/revisions"}],"wp:featuredmedia":[{"embeddable":true,"href":"https:\/\/www.valenciaandgo.com\/en\/wp-json\/wp\/v2\/media\/727"}],"wp:attachment":[{"href":"https:\/\/www.valenciaandgo.com\/en\/wp-json\/wp\/v2\/media?parent=551"}],"wp:term":[{"taxonomy":"category","embeddable":true,"href":"https:\/\/www.valenciaandgo.com\/en\/wp-json\/wp\/v2\/categories?post=551"},{"taxonomy":"post_tag","embeddable":true,"href":"https:\/\/www.valenciaandgo.com\/en\/wp-json\/wp\/v2\/tags?post=551"}],"curies":[{"name":"wp","href":"https:\/\/api.w.org\/{rel}","templated":true}]}}