{"id":555,"date":"2025-04-01T08:03:00","date_gmt":"2025-04-01T08:03:00","guid":{"rendered":"https:\/\/new.valenciaandgo.com\/?p=555"},"modified":"2026-03-14T13:01:26","modified_gmt":"2026-03-14T13:01:26","slug":"holy-week-valencia-2025","status":"publish","type":"post","link":"https:\/\/www.valenciaandgo.com\/en\/semana-santa-valencia-2025\/","title":{"rendered":"Easter Week in Valencia 2025: Traditions, Processions and Not to Be Missed Plans"},"content":{"rendered":"<div data-elementor-type=\"wp-post\" data-elementor-id=\"555\" class=\"elementor elementor-555\" data-elementor-post-type=\"post\">\n\t\t\t\t<div class=\"elementor-element elementor-element-61f2ef62 e-flex e-con-boxed e-con e-parent\" data-id=\"61f2ef62\" data-element_type=\"container\" data-e-type=\"container\">\n\t\t\t\t\t<div class=\"e-con-inner\">\n\t\t<div class=\"elementor-element elementor-element-35ed19f9 e-con-full e-flex e-con e-child\" data-id=\"35ed19f9\" data-element_type=\"container\" data-e-type=\"container\">\n\t\t\t\t<div class=\"elementor-element elementor-element-5ffc4995 elementor-widget elementor-widget-text-editor\" data-id=\"5ffc4995\" data-element_type=\"widget\" data-e-type=\"widget\" data-widget_type=\"text-editor.default\">\n\t\t\t\t\t\t\t\t\t\n<p>Holy Week in Valencia is one of the city's most emblematic festivities, combining religious fervour, culture and centuries-old traditions. Although the Valencian Community is known for its Fallas, Easter Week is also of great importance, especially in the maritime districts. In this article, we tell you everything you need to know to enjoy it to the full, with special attention to family plans and the famous Semana Santa Marinera.<\/p>\n\t\t\t\t\t\t\t\t<\/div>\n\t\t\t\t<\/div>\n\t\t<div class=\"elementor-element elementor-element-773123c9 e-con-full e-flex e-con e-child\" data-id=\"773123c9\" data-element_type=\"container\" data-e-type=\"container\">\n\t\t<div class=\"elementor-element elementor-element-1996059 e-con-full e-flex e-con e-child\" data-id=\"1996059\" data-element_type=\"container\" data-e-type=\"container\">\n\t\t\t\t<div class=\"elementor-element elementor-element-6e743da9 elementor-widget elementor-widget-heading\" data-id=\"6e743da9\" data-element_type=\"widget\" data-e-type=\"widget\" data-widget_type=\"heading.default\">\n\t\t\t\t\t<h2 class=\"elementor-heading-title elementor-size-default\">Easter traditions in Valencia<\/h2>\t\t\t\t<\/div>\n\t\t\t\t<\/div>\n\t\t<div class=\"elementor-element elementor-element-6cddc9f4 e-con-full e-flex e-con e-child\" data-id=\"6cddc9f4\" data-element_type=\"container\" data-e-type=\"container\">\n\t\t\t\t<div class=\"elementor-element elementor-element-1330a677 elementor-widget elementor-widget-text-editor\" data-id=\"1330a677\" data-element_type=\"widget\" data-e-type=\"widget\" data-widget_type=\"text-editor.default\">\n\t\t\t\t\t\t\t\t\t<p>Processions and liturgical acts mark the celebration of Holy Week in Valencia. Some of the most outstanding traditions include:<\/p>\n<p><!-- \/wp:paragraph --><!-- wp:list --><\/p>\n<ul class=\"wp-block-list\"><!-- wp:list-item -->\n<li><strong>The processions<\/strong>During the whole week, different brotherhoods walk through the streets with impressive religious images, some of them with centuries of history.<\/li>\n<!-- \/wp:list-item --><!-- wp:list-item -->\n<li><strong>The meetings<\/strong>Acts in which key moments of the Passion of Christ are staged, such as the Meeting between the Virgin and Jesus of Nazareth.<\/li>\n<!-- \/wp:list-item --><!-- wp:list-item -->\n<li><strong>The blessing of the sea<\/strong>An exclusive act of the Semana Santa Marinera, where the priests bless the water of the Mediterranean to remember the deceased sailors.<\/li>\n<!-- \/wp:list-item --><!-- wp:list-item -->\n<li><strong>La Tamborada<\/strong>A spectacular rumbling of drums in the Plaza del Ayuntamiento to mark the beginning of the Semana Santa (Holy Week).<\/li>\n<\/ul>\t\t\t\t\t\t\t\t<\/div>\n\t\t\t\t<\/div>\n\t\t\t\t<\/div>\n\t\t<div class=\"elementor-element elementor-element-b110e9f e-con-full e-flex e-con e-child\" data-id=\"b110e9f\" data-element_type=\"container\" data-e-type=\"container\">\n\t\t<div class=\"elementor-element elementor-element-b0d616a e-con-full e-flex e-con e-child\" data-id=\"b0d616a\" data-element_type=\"container\" data-e-type=\"container\">\n\t\t\t\t<div class=\"elementor-element elementor-element-65113cc elementor-widget elementor-widget-heading\" data-id=\"65113cc\" data-element_type=\"widget\" data-e-type=\"widget\" data-widget_type=\"heading.default\">\n\t\t\t\t\t<h2 class=\"elementor-heading-title elementor-size-default\">Plans and activities for Easter Week in Valencia 2025<\/h2>\t\t\t\t<\/div>\n\t\t\t\t<\/div>\n\t\t<div class=\"elementor-element elementor-element-212017e e-con-full e-flex e-con e-child\" data-id=\"212017e\" data-element_type=\"container\" data-e-type=\"container\">\n\t\t\t\t<div class=\"elementor-element elementor-element-a07293c elementor-widget elementor-widget-text-editor\" data-id=\"a07293c\" data-element_type=\"widget\" data-e-type=\"widget\" data-widget_type=\"text-editor.default\">\n\t\t\t\t\t\t\t\t\t<p>Valencia offers many activities to enjoy these festive days. Here are some of the most outstanding plans for this year:<\/p>\n<p><!-- \/wp:paragraph --><!-- wp:list --><\/p>\n<ul class=\"wp-block-list\"><!-- wp:list-item -->\n<li><strong>Lux Bella Festival<\/strong><\/li>\n<!-- \/wp:list-item --><\/ul>\n<p><!-- \/wp:list --><!-- wp:image {\"id\":11990,\"width\":\"652px\",\"height\":\"auto\",\"sizeSlug\":\"large\",\"linkDestination\":\"none\",\"align\":\"center\"} --><\/p>\n<figure class=\"wp-block-image aligncenter size-large is-resized\"><img fetchpriority=\"high\" decoding=\"async\" class=\"alignnone size-full wp-image-3414\" src=\"https:\/\/valenciaandgo.com\/wp-content\/uploads\/2025\/12\/img-festival-lux-bella.webp\" alt=\"\" width=\"1920\" height=\"960\" \/><\/figure>\n<p><!-- \/wp:image --><!-- wp:paragraph --><\/p>\n<ul>\n<li><strong><em>Date:<\/em><\/strong> from 16 to 20 April 2025<!-- \/wp:paragraph --><!-- wp:paragraph --><\/li>\n<li><strong><em>Price:<\/em><\/strong> Tickets from 10\u20ac at <a href=\"https:\/\/iglesiajesuitasvalencia.org\/musica\/\">www.iglesiajesuitasvalencia.org<\/a><\/li>\n<\/ul>\n<p><!-- \/wp:paragraph --><!-- wp:list --><\/p>\n<ul class=\"wp-block-list\"><!-- wp:list-item -->\n<li><strong><a href=\"https:\/\/valenciaandgo.com\/tours-valencia\/tapas-valencia\/\">Tapas Tour<\/a><\/strong><!-- wp:list -->\n<ul class=\"wp-block-list\"><!-- wp:list-item -->\n<li><strong><em>Dates:<\/em><\/strong> every week from Monday to Saturday<\/li>\n<!-- \/wp:list-item --><!-- wp:list-item -->\n<li><strong><em>Location:<\/em><\/strong> Restaurants in the historic centre<\/li>\n<!-- \/wp:list-item --><\/ul>\n<!-- \/wp:list --><\/li>\n<!-- \/wp:list-item --><!-- wp:list-item -->\n<li><strong><a href=\"https:\/\/valenciaandgo.com\/excursiones\/excursion-al-parque-natural-de-la-albufera\/\">Excursion to the Albufera<\/a><\/strong><\/li>\n<!-- \/wp:list-item --><\/ul>\n<p><!-- \/wp:list --><!-- wp:image {\"id\":11903,\"width\":\"555px\",\"height\":\"auto\",\"align\":\"center\"} --><\/p>\n<figure class=\"wp-block-image aligncenter is-resized\"><img decoding=\"async\" class=\"alignnone size-full wp-image-3432\" src=\"https:\/\/valenciaandgo.com\/wp-content\/uploads\/2025\/12\/img-barca-albufera.webp\" alt=\"\" width=\"1920\" height=\"1080\" \/><\/figure>\n<p><!-- \/wp:image --><!-- wp:list --><\/p>\n<ul class=\"wp-block-list\"><!-- wp:list-item -->\n<li><strong><em>Dates:<\/em> <\/strong>every week from Monday to Saturday in morning or afternoon shift<\/li>\n<!-- \/wp:list-item --><!-- wp:list-item -->\n<li><strong><em>Location:<\/em> <\/strong>Albufera Natural Park<\/li>\n<\/ul>\t\t\t\t\t\t\t\t<\/div>\n\t\t\t\t<\/div>\n\t\t\t\t<\/div>\n\t\t<div class=\"elementor-element elementor-element-d52a5b7 e-con-full e-flex e-con e-child\" data-id=\"d52a5b7\" data-element_type=\"container\" data-e-type=\"container\">\n\t\t<div class=\"elementor-element elementor-element-97068ff e-con-full e-flex e-con e-child\" data-id=\"97068ff\" data-element_type=\"container\" data-e-type=\"container\">\n\t\t\t\t<div class=\"elementor-element elementor-element-7cabec7 elementor-widget elementor-widget-heading\" data-id=\"7cabec7\" data-element_type=\"widget\" data-e-type=\"widget\" data-widget_type=\"heading.default\">\n\t\t\t\t\t<h2 class=\"elementor-heading-title elementor-size-default\">Easter Week in Valencia with Children<\/h2>\t\t\t\t<\/div>\n\t\t\t\t<\/div>\n\t\t<div class=\"elementor-element elementor-element-95b95cf e-con-full e-flex e-con e-child\" data-id=\"95b95cf\" data-element_type=\"container\" data-e-type=\"container\">\n\t\t\t\t<div class=\"elementor-element elementor-element-2b38378 elementor-widget elementor-widget-text-editor\" data-id=\"2b38378\" data-element_type=\"widget\" data-e-type=\"widget\" data-widget_type=\"text-editor.default\">\n\t\t\t\t\t\t\t\t\t<p>If you are travelling with your family, Valencia offers plans adapted for the little ones:<\/p>\n<p><!-- \/wp:paragraph --><!-- wp:list --><\/p>\n<ul class=\"wp-block-list\"><!-- wp:list-item -->\n<li><strong>Children's Processions<\/strong>Some brotherhoods organise parades adapted to children so that they can participate in the tradition in a playful way.<\/li>\n<!-- \/wp:list-item --><!-- wp:list-item -->\n<li><strong>Arts and Crafts Workshops at the Natural Science Museum<\/strong><!-- wp:list -->\n<ul class=\"wp-block-list\"><!-- wp:list-item -->\n<li><strong><em>Date:<\/em><\/strong> 14 to 18 April 2025<\/li>\n<!-- \/wp:list-item --><!-- wp:list-item -->\n<li><strong><em>Timetable:<\/em><\/strong> 10:00 to 13:00h<\/li>\n<!-- \/wp:list-item --><!-- wp:list-item -->\n<li><strong><em>Price:<\/em><\/strong> Free with prior registration. More information at: <a href=\"https:\/\/www.mncn.csic.es\/es\/visita-el-mncn\/actividades\/actividades-semana-santa-2025?utm_source=chatgpt.com\">www.cac.es<\/a><\/li>\n<!-- \/wp:list-item --><\/ul>\n<!-- \/wp:list --><\/li>\n<!-- \/wp:list-item --><!-- wp:list-item -->\n<li><strong>Easter Monkey Hunt in the Turia Gardens<\/strong><!-- wp:list -->\n<ul class=\"wp-block-list\"><!-- wp:list-item -->\n<li>This activity can be organised independently to enjoy a family day out in one of the most beautiful parks in the city.<\/li>\n<!-- \/wp:list-item --><\/ul>\n<!-- \/wp:list --><\/li>\n<!-- \/wp:list-item --><!-- wp:list-item -->\n<li><strong><a href=\"https:\/\/valenciaandgo.com\/excursiones\/cuevas-de-san-jose\/\">Excursion to the Caves of San Jos\u00e9<\/a><\/strong><\/li>\n<!-- \/wp:list-item --><\/ul>\n<p><!-- \/wp:list --><!-- wp:image {\"id\":11502,\"width\":\"661px\",\"height\":\"auto\",\"align\":\"center\"} --><\/p>\n<figure class=\"wp-block-image aligncenter is-resized\"><\/figure>\n<p><img decoding=\"async\" class=\"alignnone size-full wp-image-3423\" src=\"https:\/\/valenciaandgo.com\/wp-content\/uploads\/2025\/12\/img-cuevas-san-jose-01.webp\" alt=\"\" width=\"1920\" height=\"1080\" \/><\/p>\n<p><!-- \/wp:image --><!-- wp:list --><\/p>\n<ul class=\"wp-block-list\"><!-- wp:list-item -->\n<li><strong><em>Dates:<\/em><\/strong> every week from Monday to Sunday<\/li>\n<!-- \/wp:list-item --><!-- wp:list-item -->\n<li><em>See all the information on our website<\/em><\/li>\n<\/ul>\t\t\t\t\t\t\t\t<\/div>\n\t\t\t\t<\/div>\n\t\t\t\t<\/div>\n\t\t<div class=\"elementor-element elementor-element-89026b6 e-con-full e-flex e-con e-child\" data-id=\"89026b6\" data-element_type=\"container\" data-e-type=\"container\">\n\t\t<div class=\"elementor-element elementor-element-97a1c01 e-con-full e-flex e-con e-child\" data-id=\"97a1c01\" data-element_type=\"container\" data-e-type=\"container\">\n\t\t\t\t<div class=\"elementor-element elementor-element-ee0f79e elementor-widget elementor-widget-heading\" data-id=\"ee0f79e\" data-element_type=\"widget\" data-e-type=\"widget\" data-widget_type=\"heading.default\">\n\t\t\t\t\t<h2 class=\"elementor-heading-title elementor-size-default\">Valencia Maritime Easter Week 2025<\/h2>\t\t\t\t<\/div>\n\t\t\t\t<\/div>\n\t\t<div class=\"elementor-element elementor-element-c1a9537 e-con-full e-flex e-con e-child\" data-id=\"c1a9537\" data-element_type=\"container\" data-e-type=\"container\">\n\t\t\t\t<div class=\"elementor-element elementor-element-2459801 elementor-widget elementor-widget-text-editor\" data-id=\"2459801\" data-element_type=\"widget\" data-e-type=\"widget\" data-widget_type=\"text-editor.default\">\n\t\t\t\t\t\t\t\t\t<figure class=\"wp-block-image aligncenter size-large is-resized\"><\/figure>\n<p><img loading=\"lazy\" decoding=\"async\" class=\"alignnone size-full wp-image-3394\" src=\"https:\/\/valenciaandgo.com\/wp-content\/uploads\/2025\/12\/img-semana-santa-marinera.webp\" alt=\"\" width=\"774\" height=\"1080\" \/><\/p>\n<p><!-- \/wp:image --><!-- wp:paragraph --><\/p>\n<p>The Semana Santa Marinera is one of the most unique celebrations in Valencia and takes place in the maritime neighbourhoods of Grau, Cabanyal and Canyamelar. Its main characteristics are:<\/p>\n<p><!-- \/wp:paragraph --><!-- wp:list --><\/p>\n<ul class=\"wp-block-list\"><!-- wp:list-item -->\n<li><strong>Procession of the Holy Burial<\/strong><!-- wp:list -->\n<ul class=\"wp-block-list\"><!-- wp:list-item -->\n<li><strong><em>Date:<\/em> <\/strong>18 April 2025<\/li>\n<!-- \/wp:list-item --><!-- wp:list-item -->\n<li><strong><em>Time:<\/em> <\/strong>18:30h<\/li>\n<!-- \/wp:list-item --><!-- wp:list-item -->\n<li><strong><em>Location:<\/em> <\/strong>Cabanyal and Canyamelar Streets<\/li>\n<!-- \/wp:list-item --><\/ul>\n<!-- \/wp:list --><\/li>\n<!-- \/wp:list-item --><!-- wp:list-item -->\n<li><strong>Blessing of the Sea<\/strong><!-- wp:list -->\n<ul class=\"wp-block-list\"><!-- wp:list-item -->\n<li><strong><em>Date:<\/em><\/strong> 18 April 2025<\/li>\n<li><strong><em>Time:<\/em> <\/strong>8:00h<\/li>\n<!-- \/wp:list-item --><!-- wp:list-item --><!-- \/wp:list-item --><!-- wp:list-item -->\n<li><strong><em>Location:<\/em><\/strong> Las Arenas Beach<\/li>\n<!-- \/wp:list-item --><!-- wp:list-item -->\n<li><em>Emotional act in honour of the deceased sailors.<\/em><\/li>\n<!-- \/wp:list-item --><\/ul>\n<!-- \/wp:list --><\/li>\n<!-- \/wp:list-item --><!-- wp:list-item -->\n<li><strong>Resurrection Parade<\/strong><!-- wp:list -->\n<ul class=\"wp-block-list\"><!-- wp:list-item --><!-- \/wp:list-item --><!-- wp:list-item -->\n<li><em><strong>Date:<\/strong><\/em> 20 April 2025<\/li>\n<li><strong><em>Time:<\/em><\/strong> 13:00h<\/li>\n<!-- \/wp:list-item --><!-- wp:list-item -->\n<li><strong><em>Location:<\/em><\/strong> Avenida del Mediterr\u00e1neo<\/li>\n<!-- \/wp:list-item --><!-- wp:list-item -->\n<li><em>Participants wear bright colours and throw flower petals.<\/em><\/li>\n<!-- \/wp:list-item --><\/ul>\n<!-- \/wp:list --><\/li>\n<!-- \/wp:list-item --><\/ul>\n<p><!-- \/wp:list --><!-- wp:paragraph --><\/p>\n<p>You can consult the full programme on the official website: <a href=\"https:\/\/www.semanasantamarinera.org\/programa-de-actos\/\">weeksantamarinera.org<\/a><\/p>\t\t\t\t\t\t\t\t<\/div>\n\t\t\t\t<\/div>\n\t\t\t\t<\/div>\n\t\t<div class=\"elementor-element elementor-element-7dcd3c8 e-con-full e-flex e-con e-child\" data-id=\"7dcd3c8\" data-element_type=\"container\" data-e-type=\"container\">\n\t\t<div class=\"elementor-element elementor-element-e74eebf e-con-full e-flex e-con e-child\" data-id=\"e74eebf\" data-element_type=\"container\" data-e-type=\"container\">\n\t\t\t\t<div class=\"elementor-element elementor-element-00b7233 elementor-widget elementor-widget-heading\" data-id=\"00b7233\" data-element_type=\"widget\" data-e-type=\"widget\" data-widget_type=\"heading.default\">\n\t\t\t\t\t<h2 class=\"elementor-heading-title elementor-size-default\">What to eat at Easter in Valencia<\/h2>\t\t\t\t<\/div>\n\t\t\t\t<\/div>\n\t\t<div class=\"elementor-element elementor-element-30ababa e-con-full e-flex e-con e-child\" data-id=\"30ababa\" data-element_type=\"container\" data-e-type=\"container\">\n\t\t\t\t<div class=\"elementor-element elementor-element-0031aa6 elementor-widget elementor-widget-text-editor\" data-id=\"0031aa6\" data-element_type=\"widget\" data-e-type=\"widget\" data-widget_type=\"text-editor.default\">\n\t\t\t\t\t\t\t\t\t<p>Easter also brings with it some flavours that you can't miss. Here are the 5 dishes we recommend you try on your visit to Valencia:<\/p>\n<p><!-- \/wp:paragraph --><!-- wp:list {\"ordered\":true} --><\/p>\n<ol class=\"wp-block-list\"><!-- wp:list-item -->\n<li><strong>Cod croquettes:<\/strong><\/li>\n<!-- \/wp:list-item --><\/ol>\n<p><!-- \/wp:list --><!-- wp:paragraph --><\/p>\n<p>They are also known as bu\u00f1uelos, alb\u00f3ndigas de bacalao or, in Valencian, mandonguilles d'abaetxo.<\/p>\n<p><!-- \/wp:paragraph --><!-- wp:paragraph --><\/p>\n<p>This delicious combination of cod and potato, with a hint of garlic and parsley, features an incredibly fluffy interior and a crispy exterior that makes it irresistible.<\/p>\n<p><!-- \/wp:paragraph --><!-- wp:image {\"id\":11993,\"width\":\"606px\",\"height\":\"auto\",\"sizeSlug\":\"full\",\"linkDestination\":\"none\",\"align\":\"center\"} --><\/p>\n<figure class=\"wp-block-image aligncenter size-full is-resized\"><img loading=\"lazy\" decoding=\"async\" class=\"alignnone size-full wp-image-3424\" src=\"https:\/\/valenciaandgo.com\/wp-content\/uploads\/2025\/12\/img-croquetas-bacalao.webp\" alt=\"\" width=\"1920\" height=\"1080\" \/><\/figure>\n<p><!-- \/wp:image --><!-- wp:list {\"ordered\":true,\"start\":2} --><\/p>\n<ol class=\"wp-block-list\" start=\"2\"><!-- wp:list-item -->\n<li><strong>Tuna or tuna-like fish<\/strong><\/li>\n<!-- \/wp:list-item --><\/ol>\n<p><!-- \/wp:list --><!-- wp:paragraph --><\/p>\n<p>It is a dish deeply rooted in Valencian gastronomy, present in countless homes and beyond Easter.<\/p>\n<p><!-- \/wp:paragraph --><!-- wp:paragraph --><\/p>\n<p>Known as pisto valenciano (Valencian ratatouille), it is a fried tomato sauce with red and green peppers, accompanied by pine nuts and seasoned with garlic, although some prefer not to use this ingredient. Its most special touch is the tonyina or tollina de sorra, which is nothing more than salted tuna belly, giving it a unique and characteristic flavour.<\/p>\n<p><!-- \/wp:paragraph --><!-- wp:image {\"id\":11999,\"width\":\"567px\",\"height\":\"auto\",\"sizeSlug\":\"large\",\"linkDestination\":\"none\",\"align\":\"center\"} --><\/p>\n<figure class=\"wp-block-image aligncenter size-large is-resized\"><img loading=\"lazy\" decoding=\"async\" class=\"alignnone size-full wp-image-3393\" src=\"https:\/\/valenciaandgo.com\/wp-content\/uploads\/2025\/12\/img-titaina-atun.webp\" alt=\"\" width=\"1660\" height=\"1080\" \/><\/figure>\n<p><!-- \/wp:image --><!-- wp:list {\"ordered\":true,\"start\":3} --><\/p>\n<ol class=\"wp-block-list\" start=\"3\"><!-- wp:list-item -->\n<li><strong>The pepitos:<\/strong><\/li>\n<!-- \/wp:list-item --><\/ol>\n<p><!-- \/wp:list --><!-- wp:paragraph --><\/p>\n<p>This is a small bread roll from which one of the ends and the crumb is removed and filled with titaina.<\/p>\n<p><!-- \/wp:paragraph --><!-- wp:paragraph --><\/p>\n<p>But the preparation doesn't end there: it is closed again with the same tip, secured with a toothpick, then soaked in milk, dipped in egg batter and fried to a golden, crispy texture. A real treat!<\/p>\n<p><!-- \/wp:paragraph --><!-- wp:image {\"id\":12002,\"width\":\"521px\",\"height\":\"auto\",\"sizeSlug\":\"full\",\"linkDestination\":\"none\",\"align\":\"center\"} --><\/p>\n<figure class=\"wp-block-image aligncenter size-full is-resized\"><img loading=\"lazy\" decoding=\"async\" class=\"alignnone size-full wp-image-3401\" src=\"https:\/\/valenciaandgo.com\/wp-content\/uploads\/2025\/12\/img-pepitos.webp\" alt=\"\" width=\"1920\" height=\"1080\" \/><\/figure>\n<p><!-- \/wp:image --><!-- wp:list {\"ordered\":true,\"start\":4} --><\/p>\n<ol class=\"wp-block-list\" start=\"4\"><!-- wp:list-item -->\n<li><strong>Easter sausage:<\/strong><\/li>\n<!-- \/wp:list-item --><\/ol>\n<p><!-- \/wp:list --><!-- wp:paragraph --><\/p>\n<p>O <em>llonganissa<\/em>, is no ordinary sausage. It is a thin, elongated sausage, with an intense touch of spices, which is cured until it reaches the ideal point to be eaten raw.<\/p>\n<p><!-- \/wp:paragraph --><!-- wp:image {\"id\":12008,\"width\":\"621px\",\"height\":\"auto\",\"sizeSlug\":\"full\",\"linkDestination\":\"none\",\"align\":\"center\"} --><\/p>\n<figure class=\"wp-block-image aligncenter size-full is-resized\"><img loading=\"lazy\" decoding=\"async\" class=\"alignnone size-full wp-image-3412\" src=\"https:\/\/valenciaandgo.com\/wp-content\/uploads\/2025\/12\/img-longaniza-pascua.webp\" alt=\"\" width=\"1920\" height=\"1080\" \/><\/figure>\n<p><!-- \/wp:image --><!-- wp:list {\"ordered\":true,\"start\":5} --><\/p>\n<ol class=\"wp-block-list\" start=\"5\"><!-- wp:list-item -->\n<li><strong>Easter Mona:<\/strong><\/li>\n<!-- \/wp:list-item --><\/ol>\n<p><!-- \/wp:list --><!-- wp:paragraph --><\/p>\n<p>The monkey, also called <em>panou<\/em> o <em>panquemao<\/em>, is the most typical Easter sweet in Valencia. Of Arab origin, it is a sponge cake made of flour, egg and sugar that is enjoyed as an afternoon snack. It is round in shape and traditionally has a hard-boiled egg in the centre, although nowadays it is usually replaced by a chocolate one. If it is individual and has aniseed, it is the classic Easter cake.<\/p>\n<p><!-- \/wp:paragraph --><!-- wp:image {\"id\":12014,\"width\":\"584px\",\"height\":\"auto\",\"sizeSlug\":\"large\",\"linkDestination\":\"none\",\"align\":\"center\"} --><\/p>\n<figure class=\"wp-block-image aligncenter size-large is-resized\"><img loading=\"lazy\" decoding=\"async\" class=\"alignnone size-full wp-image-3410\" src=\"https:\/\/valenciaandgo.com\/wp-content\/uploads\/2025\/12\/img-mona-pascua.webp\" alt=\"\" width=\"1920\" height=\"1080\" \/><\/figure>\n<p><!-- \/wp:image --><!-- wp:heading --><\/p>\t\t\t\t\t\t\t\t<\/div>\n\t\t\t\t<\/div>\n\t\t\t\t<\/div>\n\t\t<div class=\"elementor-element elementor-element-f95ce1c e-con-full e-flex e-con e-child\" data-id=\"f95ce1c\" data-element_type=\"container\" data-e-type=\"container\">\n\t\t<div class=\"elementor-element elementor-element-f303062 e-con-full e-flex e-con e-child\" data-id=\"f303062\" data-element_type=\"container\" data-e-type=\"container\">\n\t\t\t\t<div class=\"elementor-element elementor-element-deb76fa elementor-widget elementor-widget-heading\" data-id=\"deb76fa\" data-element_type=\"widget\" data-e-type=\"widget\" data-widget_type=\"heading.default\">\n\t\t\t\t\t<h2 class=\"elementor-heading-title elementor-size-default\">Enjoy Easter Week in Valencia with Our Tours and Excursions<\/strong><\/h2>\t\t\t\t<\/div>\n\t\t\t\t<\/div>\n\t\t<div class=\"elementor-element elementor-element-453976d e-con-full e-flex e-con e-child\" data-id=\"453976d\" data-element_type=\"container\" data-e-type=\"container\">\n\t\t\t\t<div class=\"elementor-element elementor-element-0107553 elementor-widget elementor-widget-text-editor\" data-id=\"0107553\" data-element_type=\"widget\" data-e-type=\"widget\" data-widget_type=\"text-editor.default\">\n\t\t\t\t\t\t\t\t\t<p>Experience Easter Week in Valencia in a unique way with our guided tours and personalised excursions. Discover the history of the city, its traditions and its most emblematic places with our tours, book now!\u00a0 <a href=\"https:\/\/valenciaandgo.com\">www.valenciaandgo.com<\/a><\/p>\t\t\t\t\t\t\t\t<\/div>\n\t\t\t\t<\/div>\n\t\t\t\t<\/div>\n\t\t\t\t\t<\/div>\n\t\t\t\t<\/div>\n\t\t\t\t<\/div>","protected":false},"excerpt":{"rendered":"<p>La Semana Santa en Valencia es una de las festividades m\u00e1s emblem\u00e1ticas de la ciudad, combinando fervor religioso, cultura y tradiciones centenarias. Aunque la Comunidad Valenciana es conocida por sus Fallas, la Semana Santa tambi\u00e9n cobra gran importancia, especialmente en los barrios mar\u00edtimos. En este art\u00edculo, te contamos todo lo que necesitas saber para disfrutarla [&hellip;]<\/p>\n","protected":false},"author":1,"featured_media":751,"comment_status":"closed","ping_status":"closed","sticky":false,"template":"","format":"standard","meta":{"_acf_changed":false,"footnotes":""},"categories":[22,23,54],"tags":[36,63,64],"class_list":["post-555","post","type-post","status-publish","format-standard","has-post-thumbnail","hentry","category-cultura-tradiciones","category-gastronomia","category-que-hacer","tag-gastronomia","tag-planes","tag-que-hacer"],"acf":[],"yoast_head":"<!-- This site is optimized with the Yoast SEO plugin v27.5 - https:\/\/yoast.com\/product\/yoast-seo-wordpress\/ -->\n<title>Semana Santa en Valencia 2025: Tradiciones y Planes<\/title>\n<meta name=\"description\" content=\"Descubre todo sobre la Semana Santa en Valencia 2025: procesiones, la Semana Santa Marinera, planes en familia y eventos destacados.\" \/>\n<meta name=\"robots\" content=\"index, follow, max-snippet:-1, max-image-preview:large, max-video-preview:-1\" \/>\n<link rel=\"canonical\" href=\"https:\/\/www.valenciaandgo.com\/en\/holy-week-valencia-2025\/\" \/>\n<meta property=\"og:locale\" content=\"en_GB\" \/>\n<meta property=\"og:type\" content=\"article\" \/>\n<meta property=\"og:title\" content=\"Semana Santa en Valencia 2025: Tradiciones y Planes\" \/>\n<meta property=\"og:description\" content=\"Descubre todo sobre la Semana Santa en Valencia 2025: procesiones, la Semana Santa Marinera, planes en familia y eventos destacados.\" \/>\n<meta property=\"og:url\" content=\"https:\/\/www.valenciaandgo.com\/en\/holy-week-valencia-2025\/\" \/>\n<meta property=\"og:site_name\" content=\"Valencia&amp;Go\" \/>\n<meta property=\"article:publisher\" content=\"https:\/\/www.facebook.com\/valenciaandgo\/\" \/>\n<meta property=\"article:published_time\" content=\"2025-04-01T08:03:00+00:00\" \/>\n<meta property=\"article:modified_time\" content=\"2026-03-14T13:01:26+00:00\" \/>\n<meta property=\"og:image\" content=\"https:\/\/www.valenciaandgo.com\/wp-content\/uploads\/2025\/11\/img-blog-semana-santa-25.webp\" \/>\n\t<meta property=\"og:image:width\" content=\"1170\" \/>\n\t<meta property=\"og:image:height\" content=\"779\" \/>\n\t<meta property=\"og:image:type\" content=\"image\/webp\" \/>\n<meta name=\"author\" content=\"Valencia &amp; Go\" \/>\n<meta name=\"twitter:card\" content=\"summary_large_image\" \/>\n<meta name=\"twitter:label1\" content=\"Written by\" \/>\n\t<meta name=\"twitter:data1\" content=\"Valencia &amp; Go\" \/>\n\t<meta name=\"twitter:label2\" content=\"Estimated reading time\" \/>\n\t<meta name=\"twitter:data2\" content=\"6 minutes\" \/>\n<script type=\"application\/ld+json\" class=\"yoast-schema-graph\">{\"@context\":\"https:\\\/\\\/schema.org\",\"@graph\":[{\"@type\":\"Article\",\"@id\":\"https:\\\/\\\/www.valenciaandgo.com\\\/semana-santa-valencia-2025\\\/#article\",\"isPartOf\":{\"@id\":\"https:\\\/\\\/www.valenciaandgo.com\\\/semana-santa-valencia-2025\\\/\"},\"author\":{\"name\":\"Valencia &amp; Go\",\"@id\":\"https:\\\/\\\/www.valenciaandgo.com\\\/it\\\/#\\\/schema\\\/person\\\/d6e9fc8911f61d877353aabcb0214213\"},\"headline\":\"Semana Santa en Valencia 2025: Tradiciones, Procesiones y Planes Imperdibles\",\"datePublished\":\"2025-04-01T08:03:00+00:00\",\"dateModified\":\"2026-03-14T13:01:26+00:00\",\"mainEntityOfPage\":{\"@id\":\"https:\\\/\\\/www.valenciaandgo.com\\\/semana-santa-valencia-2025\\\/\"},\"wordCount\":978,\"publisher\":{\"@id\":\"https:\\\/\\\/www.valenciaandgo.com\\\/it\\\/#organization\"},\"image\":{\"@id\":\"https:\\\/\\\/www.valenciaandgo.com\\\/semana-santa-valencia-2025\\\/#primaryimage\"},\"thumbnailUrl\":\"https:\\\/\\\/www.valenciaandgo.com\\\/wp-content\\\/uploads\\\/2025\\\/11\\\/img-blog-semana-santa-25.webp\",\"keywords\":[\"gastronomia\",\"planes\",\"que hacer\"],\"articleSection\":[\"Cultura y tradiciones\",\"Gastronom\u00eda\",\"Qu\u00e9 hacer\"],\"inLanguage\":\"en-GB\"},{\"@type\":\"WebPage\",\"@id\":\"https:\\\/\\\/www.valenciaandgo.com\\\/semana-santa-valencia-2025\\\/\",\"url\":\"https:\\\/\\\/www.valenciaandgo.com\\\/semana-santa-valencia-2025\\\/\",\"name\":\"Semana Santa en Valencia 2025: Tradiciones y Planes\",\"isPartOf\":{\"@id\":\"https:\\\/\\\/www.valenciaandgo.com\\\/it\\\/#website\"},\"primaryImageOfPage\":{\"@id\":\"https:\\\/\\\/www.valenciaandgo.com\\\/semana-santa-valencia-2025\\\/#primaryimage\"},\"image\":{\"@id\":\"https:\\\/\\\/www.valenciaandgo.com\\\/semana-santa-valencia-2025\\\/#primaryimage\"},\"thumbnailUrl\":\"https:\\\/\\\/www.valenciaandgo.com\\\/wp-content\\\/uploads\\\/2025\\\/11\\\/img-blog-semana-santa-25.webp\",\"datePublished\":\"2025-04-01T08:03:00+00:00\",\"dateModified\":\"2026-03-14T13:01:26+00:00\",\"description\":\"Descubre todo sobre la Semana Santa en Valencia 2025: procesiones, la Semana Santa Marinera, planes en familia y eventos destacados.\",\"breadcrumb\":{\"@id\":\"https:\\\/\\\/www.valenciaandgo.com\\\/semana-santa-valencia-2025\\\/#breadcrumb\"},\"inLanguage\":\"en-GB\",\"potentialAction\":[{\"@type\":\"ReadAction\",\"target\":[\"https:\\\/\\\/www.valenciaandgo.com\\\/semana-santa-valencia-2025\\\/\"]}]},{\"@type\":\"ImageObject\",\"inLanguage\":\"en-GB\",\"@id\":\"https:\\\/\\\/www.valenciaandgo.com\\\/semana-santa-valencia-2025\\\/#primaryimage\",\"url\":\"https:\\\/\\\/www.valenciaandgo.com\\\/wp-content\\\/uploads\\\/2025\\\/11\\\/img-blog-semana-santa-25.webp\",\"contentUrl\":\"https:\\\/\\\/www.valenciaandgo.com\\\/wp-content\\\/uploads\\\/2025\\\/11\\\/img-blog-semana-santa-25.webp\",\"width\":1170,\"height\":779},{\"@type\":\"BreadcrumbList\",\"@id\":\"https:\\\/\\\/www.valenciaandgo.com\\\/semana-santa-valencia-2025\\\/#breadcrumb\",\"itemListElement\":[{\"@type\":\"ListItem\",\"position\":1,\"name\":\"Portada\",\"item\":\"https:\\\/\\\/www.valenciaandgo.com\\\/\"},{\"@type\":\"ListItem\",\"position\":2,\"name\":\"Semana Santa en Valencia 2025: Tradiciones, Procesiones y Planes Imperdibles\"}]},{\"@type\":\"WebSite\",\"@id\":\"https:\\\/\\\/www.valenciaandgo.com\\\/it\\\/#website\",\"url\":\"https:\\\/\\\/www.valenciaandgo.com\\\/it\\\/\",\"name\":\"Valencia&Go\",\"description\":\"Tours por Valencia y alrededores de ciudad.\",\"publisher\":{\"@id\":\"https:\\\/\\\/www.valenciaandgo.com\\\/it\\\/#organization\"},\"potentialAction\":[{\"@type\":\"SearchAction\",\"target\":{\"@type\":\"EntryPoint\",\"urlTemplate\":\"https:\\\/\\\/www.valenciaandgo.com\\\/it\\\/?s={search_term_string}\"},\"query-input\":{\"@type\":\"PropertyValueSpecification\",\"valueRequired\":true,\"valueName\":\"search_term_string\"}}],\"inLanguage\":\"en-GB\"},{\"@type\":\"Organization\",\"@id\":\"https:\\\/\\\/www.valenciaandgo.com\\\/it\\\/#organization\",\"name\":\"Valencia&Go\",\"url\":\"https:\\\/\\\/www.valenciaandgo.com\\\/it\\\/\",\"logo\":{\"@type\":\"ImageObject\",\"inLanguage\":\"en-GB\",\"@id\":\"https:\\\/\\\/www.valenciaandgo.com\\\/it\\\/#\\\/schema\\\/logo\\\/image\\\/\",\"url\":\"https:\\\/\\\/www.valenciaandgo.com\\\/wp-content\\\/uploads\\\/2025\\\/10\\\/valencia_go-svg-blnc-iso-naranja.svg\",\"contentUrl\":\"https:\\\/\\\/www.valenciaandgo.com\\\/wp-content\\\/uploads\\\/2025\\\/10\\\/valencia_go-svg-blnc-iso-naranja.svg\",\"width\":434,\"height\":102,\"caption\":\"Valencia&Go\"},\"image\":{\"@id\":\"https:\\\/\\\/www.valenciaandgo.com\\\/it\\\/#\\\/schema\\\/logo\\\/image\\\/\"},\"sameAs\":[\"https:\\\/\\\/www.facebook.com\\\/valenciaandgo\\\/\",\"https:\\\/\\\/www.instagram.com\\\/valenciaandgo\",\"https:\\\/\\\/www.linkedin.com\\\/company\\\/valencia-go\\\/\",\"https:\\\/\\\/www.tiktok.com\\\/@valenciaandgo\"]},{\"@type\":\"Person\",\"@id\":\"https:\\\/\\\/www.valenciaandgo.com\\\/it\\\/#\\\/schema\\\/person\\\/d6e9fc8911f61d877353aabcb0214213\",\"name\":\"Valencia &amp; Go\",\"sameAs\":[\"https:\\\/\\\/valenciaandgo.com\"],\"url\":\"https:\\\/\\\/www.valenciaandgo.com\\\/en\\\/author\\\/valencia\\\/\"}]}<\/script>\n<!-- \/ Yoast SEO plugin. -->","yoast_head_json":{"title":"Easter Week in Valencia 2025: Traditions and Plans","description":"Find out all about Easter Week in Valencia 2025: processions, the Semana Santa Marinera, family plans and outstanding events.","robots":{"index":"index","follow":"follow","max-snippet":"max-snippet:-1","max-image-preview":"max-image-preview:large","max-video-preview":"max-video-preview:-1"},"canonical":"https:\/\/www.valenciaandgo.com\/en\/holy-week-valencia-2025\/","og_locale":"en_GB","og_type":"article","og_title":"Semana Santa en Valencia 2025: Tradiciones y Planes","og_description":"Descubre todo sobre la Semana Santa en Valencia 2025: procesiones, la Semana Santa Marinera, planes en familia y eventos destacados.","og_url":"https:\/\/www.valenciaandgo.com\/en\/holy-week-valencia-2025\/","og_site_name":"Valencia&amp;Go","article_publisher":"https:\/\/www.facebook.com\/valenciaandgo\/","article_published_time":"2025-04-01T08:03:00+00:00","article_modified_time":"2026-03-14T13:01:26+00:00","og_image":[{"width":1170,"height":779,"url":"https:\/\/www.valenciaandgo.com\/wp-content\/uploads\/2025\/11\/img-blog-semana-santa-25.webp","type":"image\/webp"}],"author":"Valencia &amp; Go","twitter_card":"summary_large_image","twitter_misc":{"Written by":"Valencia &amp; Go","Estimated reading time":"6 minutes"},"schema":{"@context":"https:\/\/schema.org","@graph":[{"@type":"Article","@id":"https:\/\/www.valenciaandgo.com\/semana-santa-valencia-2025\/#article","isPartOf":{"@id":"https:\/\/www.valenciaandgo.com\/semana-santa-valencia-2025\/"},"author":{"name":"Valencia &amp; Go","@id":"https:\/\/www.valenciaandgo.com\/it\/#\/schema\/person\/d6e9fc8911f61d877353aabcb0214213"},"headline":"Semana Santa en Valencia 2025: Tradiciones, Procesiones y Planes Imperdibles","datePublished":"2025-04-01T08:03:00+00:00","dateModified":"2026-03-14T13:01:26+00:00","mainEntityOfPage":{"@id":"https:\/\/www.valenciaandgo.com\/semana-santa-valencia-2025\/"},"wordCount":978,"publisher":{"@id":"https:\/\/www.valenciaandgo.com\/it\/#organization"},"image":{"@id":"https:\/\/www.valenciaandgo.com\/semana-santa-valencia-2025\/#primaryimage"},"thumbnailUrl":"https:\/\/www.valenciaandgo.com\/wp-content\/uploads\/2025\/11\/img-blog-semana-santa-25.webp","keywords":["gastronomia","planes","que hacer"],"articleSection":["Cultura y tradiciones","Gastronom\u00eda","Qu\u00e9 hacer"],"inLanguage":"en-GB"},{"@type":"WebPage","@id":"https:\/\/www.valenciaandgo.com\/semana-santa-valencia-2025\/","url":"https:\/\/www.valenciaandgo.com\/semana-santa-valencia-2025\/","name":"Easter Week in Valencia 2025: Traditions and Plans","isPartOf":{"@id":"https:\/\/www.valenciaandgo.com\/it\/#website"},"primaryImageOfPage":{"@id":"https:\/\/www.valenciaandgo.com\/semana-santa-valencia-2025\/#primaryimage"},"image":{"@id":"https:\/\/www.valenciaandgo.com\/semana-santa-valencia-2025\/#primaryimage"},"thumbnailUrl":"https:\/\/www.valenciaandgo.com\/wp-content\/uploads\/2025\/11\/img-blog-semana-santa-25.webp","datePublished":"2025-04-01T08:03:00+00:00","dateModified":"2026-03-14T13:01:26+00:00","description":"Find out all about Easter Week in Valencia 2025: processions, the Semana Santa Marinera, family plans and outstanding events.","breadcrumb":{"@id":"https:\/\/www.valenciaandgo.com\/semana-santa-valencia-2025\/#breadcrumb"},"inLanguage":"en-GB","potentialAction":[{"@type":"ReadAction","target":["https:\/\/www.valenciaandgo.com\/semana-santa-valencia-2025\/"]}]},{"@type":"ImageObject","inLanguage":"en-GB","@id":"https:\/\/www.valenciaandgo.com\/semana-santa-valencia-2025\/#primaryimage","url":"https:\/\/www.valenciaandgo.com\/wp-content\/uploads\/2025\/11\/img-blog-semana-santa-25.webp","contentUrl":"https:\/\/www.valenciaandgo.com\/wp-content\/uploads\/2025\/11\/img-blog-semana-santa-25.webp","width":1170,"height":779},{"@type":"BreadcrumbList","@id":"https:\/\/www.valenciaandgo.com\/semana-santa-valencia-2025\/#breadcrumb","itemListElement":[{"@type":"ListItem","position":1,"name":"Portada","item":"https:\/\/www.valenciaandgo.com\/"},{"@type":"ListItem","position":2,"name":"Semana Santa en Valencia 2025: Tradiciones, Procesiones y Planes Imperdibles"}]},{"@type":"WebSite","@id":"https:\/\/www.valenciaandgo.com\/it\/#website","url":"https:\/\/www.valenciaandgo.com\/it\/","name":"Valencia&amp;Go","description":"Tours of Valencia and the surrounding area.","publisher":{"@id":"https:\/\/www.valenciaandgo.com\/it\/#organization"},"potentialAction":[{"@type":"SearchAction","target":{"@type":"EntryPoint","urlTemplate":"https:\/\/www.valenciaandgo.com\/it\/?s={search_term_string}"},"query-input":{"@type":"PropertyValueSpecification","valueRequired":true,"valueName":"search_term_string"}}],"inLanguage":"en-GB"},{"@type":"Organization","@id":"https:\/\/www.valenciaandgo.com\/it\/#organization","name":"Valencia&amp;Go","url":"https:\/\/www.valenciaandgo.com\/it\/","logo":{"@type":"ImageObject","inLanguage":"en-GB","@id":"https:\/\/www.valenciaandgo.com\/it\/#\/schema\/logo\/image\/","url":"https:\/\/www.valenciaandgo.com\/wp-content\/uploads\/2025\/10\/valencia_go-svg-blnc-iso-naranja.svg","contentUrl":"https:\/\/www.valenciaandgo.com\/wp-content\/uploads\/2025\/10\/valencia_go-svg-blnc-iso-naranja.svg","width":434,"height":102,"caption":"Valencia&Go"},"image":{"@id":"https:\/\/www.valenciaandgo.com\/it\/#\/schema\/logo\/image\/"},"sameAs":["https:\/\/www.facebook.com\/valenciaandgo\/","https:\/\/www.instagram.com\/valenciaandgo","https:\/\/www.linkedin.com\/company\/valencia-go\/","https:\/\/www.tiktok.com\/@valenciaandgo"]},{"@type":"Person","@id":"https:\/\/www.valenciaandgo.com\/it\/#\/schema\/person\/d6e9fc8911f61d877353aabcb0214213","name":"Valencia &amp; Go","sameAs":["https:\/\/valenciaandgo.com"],"url":"https:\/\/www.valenciaandgo.com\/en\/author\/valencia\/"}]}},"_links":{"self":[{"href":"https:\/\/www.valenciaandgo.com\/en\/wp-json\/wp\/v2\/posts\/555","targetHints":{"allow":["GET"]}}],"collection":[{"href":"https:\/\/www.valenciaandgo.com\/en\/wp-json\/wp\/v2\/posts"}],"about":[{"href":"https:\/\/www.valenciaandgo.com\/en\/wp-json\/wp\/v2\/types\/post"}],"author":[{"embeddable":true,"href":"https:\/\/www.valenciaandgo.com\/en\/wp-json\/wp\/v2\/users\/1"}],"replies":[{"embeddable":true,"href":"https:\/\/www.valenciaandgo.com\/en\/wp-json\/wp\/v2\/comments?post=555"}],"version-history":[{"count":0,"href":"https:\/\/www.valenciaandgo.com\/en\/wp-json\/wp\/v2\/posts\/555\/revisions"}],"wp:featuredmedia":[{"embeddable":true,"href":"https:\/\/www.valenciaandgo.com\/en\/wp-json\/wp\/v2\/media\/751"}],"wp:attachment":[{"href":"https:\/\/www.valenciaandgo.com\/en\/wp-json\/wp\/v2\/media?parent=555"}],"wp:term":[{"taxonomy":"category","embeddable":true,"href":"https:\/\/www.valenciaandgo.com\/en\/wp-json\/wp\/v2\/categories?post=555"},{"taxonomy":"post_tag","embeddable":true,"href":"https:\/\/www.valenciaandgo.com\/en\/wp-json\/wp\/v2\/tags?post=555"}],"curies":[{"name":"wp","href":"https:\/\/api.w.org\/{rel}","templated":true}]}}