{"id":557,"date":"2025-04-14T13:17:00","date_gmt":"2025-04-14T13:17:00","guid":{"rendered":"https:\/\/new.valenciaandgo.com\/?p=557"},"modified":"2026-03-14T13:01:26","modified_gmt":"2026-03-14T13:01:26","slug":"saint-vincent-ferrer-history","status":"publish","type":"post","link":"https:\/\/www.valenciaandgo.com\/en\/san-vicente-ferrer-historia\/","title":{"rendered":"San Vicente Ferrer: history, miracles and traditions in Valencia"},"content":{"rendered":"<div data-elementor-type=\"wp-post\" data-elementor-id=\"557\" class=\"elementor elementor-557\" data-elementor-post-type=\"post\">\n\t\t\t\t<div class=\"elementor-element elementor-element-46b739dc e-flex e-con-boxed e-con e-parent\" data-id=\"46b739dc\" data-element_type=\"container\" data-e-type=\"container\">\n\t\t\t\t\t<div class=\"e-con-inner\">\n\t\t<div class=\"elementor-element elementor-element-105deb73 e-con-full e-flex e-con e-child\" data-id=\"105deb73\" data-element_type=\"container\" data-e-type=\"container\">\n\t\t\t\t<div class=\"elementor-element elementor-element-75716239 elementor-widget elementor-widget-text-editor\" data-id=\"75716239\" data-element_type=\"widget\" data-e-type=\"widget\" data-widget_type=\"text-editor.default\">\n\t\t\t\t\t\t\t\t\t\n<p>The city of Valencia celebrates with great devotion the feast of San Vicente Ferrer, one of its most beloved patron saints and a key figure in the religious and cultural history not only of the city, but also of Europe.<\/p>\n\t\t\t\t\t\t\t\t<\/div>\n\t\t\t\t<\/div>\n\t\t<div class=\"elementor-element elementor-element-477afaba e-con-full e-flex e-con e-child\" data-id=\"477afaba\" data-element_type=\"container\" data-e-type=\"container\">\n\t\t<div class=\"elementor-element elementor-element-68750faf e-con-full e-flex e-con e-child\" data-id=\"68750faf\" data-element_type=\"container\" data-e-type=\"container\">\n\t\t\t\t<div class=\"elementor-element elementor-element-24fe24ba elementor-widget elementor-widget-heading\" data-id=\"24fe24ba\" data-element_type=\"widget\" data-e-type=\"widget\" data-widget_type=\"heading.default\">\n\t\t\t\t\t<h2 class=\"elementor-heading-title elementor-size-default\">Who was Saint Vincent Ferrer?<\/h2>\t\t\t\t<\/div>\n\t\t\t\t<\/div>\n\t\t<div class=\"elementor-element elementor-element-73dd3590 e-con-full e-flex e-con e-child\" data-id=\"73dd3590\" data-element_type=\"container\" data-e-type=\"container\">\n\t\t\t\t<div class=\"elementor-element elementor-element-3000acd elementor-widget elementor-widget-text-editor\" data-id=\"3000acd\" data-element_type=\"widget\" data-e-type=\"widget\" data-widget_type=\"text-editor.default\">\n\t\t\t\t\t\t\t\t\t<p>Saint Vincent Ferrer was born in Valencia in 1350 into a wealthy family. He entered the Dominican Order and soon distinguished himself as a preacher, philosopher and theologian. During his lifetime, he travelled much of Europe - including Italy, France, Switzerland and even Scotland - spreading his message of spiritual reform, justice and reconciliation.<\/p>\n<p><!-- \/wp:paragraph --><!-- wp:paragraph {\"className\":\"\"} --><\/p>\n<p>He is known for his multilingual preaching ability, his powerful oratory and the thousands of conversions his sermons brought about. He was canonised in 1455, just 36 years after his death.<\/p>\n<p><img fetchpriority=\"high\" decoding=\"async\" class=\"alignnone size-full wp-image-3395\" src=\"https:\/\/valenciaandgo.com\/wp-content\/uploads\/2025\/12\/img-san-vicente.webp\" alt=\"\" width=\"1348\" height=\"1080\" \/><\/p>\t\t\t\t\t\t\t\t<\/div>\n\t\t\t\t<\/div>\n\t\t\t\t<\/div>\n\t\t<div class=\"elementor-element elementor-element-dd8c76a e-con-full e-flex e-con e-child\" data-id=\"dd8c76a\" data-element_type=\"container\" data-e-type=\"container\">\n\t\t<div class=\"elementor-element elementor-element-f1db7a9 e-con-full e-flex e-con e-child\" data-id=\"f1db7a9\" data-element_type=\"container\" data-e-type=\"container\">\n\t\t\t\t<div class=\"elementor-element elementor-element-14748a7 elementor-widget elementor-widget-heading\" data-id=\"14748a7\" data-element_type=\"widget\" data-e-type=\"widget\" data-widget_type=\"heading.default\">\n\t\t\t\t\t<h2 class=\"elementor-heading-title elementor-size-default\">Traditions in Valencia<\/h2>\t\t\t\t<\/div>\n\t\t\t\t<\/div>\n\t\t<div class=\"elementor-element elementor-element-1ecd7bf e-con-full e-flex e-con e-child\" data-id=\"1ecd7bf\" data-element_type=\"container\" data-e-type=\"container\">\n\t\t\t\t<div class=\"elementor-element elementor-element-af11054 elementor-widget elementor-widget-text-editor\" data-id=\"af11054\" data-element_type=\"widget\" data-e-type=\"widget\" data-widget_type=\"text-editor.default\">\n\t\t\t\t\t\t\t\t\t<p>In Valencia, every Monday following the second Sunday of Easter, the festival is celebrated with processions, masses and popular events. One of the most unique elements are the <strong>\u00abSt. Vincent's altars\u00bb<\/strong>, small stages set up in different parts of the city where children act out miracles attributed to the saint, known as <strong>\u00abmiracles\u00bb<\/strong>.<\/p>\n<p><!-- \/wp:paragraph --><!-- wp:paragraph --><\/p>\n<p>The performance is in Valencian, and is considered one of the oldest theatrical traditions in Europe that is still alive today.<\/p>\n<p><!-- \/wp:paragraph --><\/p>\n<p><img decoding=\"async\" class=\"alignnone size-full wp-image-3392\" src=\"https:\/\/valenciaandgo.com\/wp-content\/uploads\/2025\/12\/img-tradiciones-valencia.webp\" alt=\"\" width=\"1524\" height=\"1080\" \/><\/p>\t\t\t\t\t\t\t\t<\/div>\n\t\t\t\t<\/div>\n\t\t\t\t<\/div>\n\t\t<div class=\"elementor-element elementor-element-140693e e-con-full e-flex e-con e-child\" data-id=\"140693e\" data-element_type=\"container\" data-e-type=\"container\">\n\t\t<div class=\"elementor-element elementor-element-a6b48e1 e-con-full e-flex e-con e-child\" data-id=\"a6b48e1\" data-element_type=\"container\" data-e-type=\"container\">\n\t\t\t\t<div class=\"elementor-element elementor-element-03c8df6 elementor-widget elementor-widget-heading\" data-id=\"03c8df6\" data-element_type=\"widget\" data-e-type=\"widget\" data-widget_type=\"heading.default\">\n\t\t\t\t\t<h2 class=\"elementor-heading-title elementor-size-default\">Miracles of St. Vincent Ferrer<\/h2>\t\t\t\t<\/div>\n\t\t\t\t<\/div>\n\t\t<div class=\"elementor-element elementor-element-227f850 e-con-full e-flex e-con e-child\" data-id=\"227f850\" data-element_type=\"container\" data-e-type=\"container\">\n\t\t\t\t<div class=\"elementor-element elementor-element-440b48c elementor-widget elementor-widget-text-editor\" data-id=\"440b48c\" data-element_type=\"widget\" data-e-type=\"widget\" data-widget_type=\"text-editor.default\">\n\t\t\t\t\t\t\t\t\t<p>Hundreds of miracles are attributed to St. Vincent Ferrer, both during his lifetime and after his death. Among the best known:<\/p>\n<p><!-- \/wp:paragraph --><!-- wp:list --><\/p>\n<ul class=\"wp-block-list\"><!-- wp:list-item -->\n<li><strong>The miracle of the well:<\/strong> He saved a child who had fallen into a well, pulling him out safely after a prayer.<\/li>\n<!-- \/wp:list-item --><!-- wp:list-item -->\n<li><strong>The miracle of the mute:<\/strong> It is said to have restored speech to a child who could not speak.<\/li>\n<!-- \/wp:list-item --><!-- wp:list-item -->\n<li><strong>Food multiplication:<\/strong> On several occasions, he is reported to have multiplied bread and other provisions to feed the poor.<\/li>\n<!-- \/wp:list-item --><\/ul>\n<p><!-- \/wp:list --><!-- wp:paragraph {\"className\":\"\"} --><\/p>\n<p>These miracles are re-enacted on the altars every year by the child actors.<\/p>\n<p><!-- \/wp:paragraph --><!-- wp:paragraph {\"className\":\"\"} --><\/p>\t\t\t\t\t\t\t\t<\/div>\n\t\t\t\t<\/div>\n\t\t\t\t<\/div>\n\t\t<div class=\"elementor-element elementor-element-c8dd273 e-con-full e-flex e-con e-child\" data-id=\"c8dd273\" data-element_type=\"container\" data-e-type=\"container\">\n\t\t<div class=\"elementor-element elementor-element-5556795 e-con-full e-flex e-con e-child\" data-id=\"5556795\" data-element_type=\"container\" data-e-type=\"container\">\n\t\t\t\t<div class=\"elementor-element elementor-element-1d76530 elementor-widget elementor-widget-heading\" data-id=\"1d76530\" data-element_type=\"widget\" data-e-type=\"widget\" data-widget_type=\"heading.default\">\n\t\t\t\t\t<h2 class=\"elementor-heading-title elementor-size-default\">Places linked to San Vicente Ferrer in Valencia<\/h2>\t\t\t\t<\/div>\n\t\t\t\t<\/div>\n\t\t<div class=\"elementor-element elementor-element-94a8fbb e-con-full e-flex e-con e-child\" data-id=\"94a8fbb\" data-element_type=\"container\" data-e-type=\"container\">\n\t\t\t\t<div class=\"elementor-element elementor-element-7886d9e elementor-widget elementor-widget-text-editor\" data-id=\"7886d9e\" data-element_type=\"widget\" data-e-type=\"widget\" data-widget_type=\"text-editor.default\">\n\t\t\t\t\t\t\t\t\t<ul>\n<li><strong>Natalicia House:<\/strong> In what is now Calle del Mar, where you can visit a chapel built on the exact spot where he was born.<\/li>\n<\/ul>\n<p><img decoding=\"async\" class=\"alignnone size-full wp-image-3429\" src=\"https:\/\/valenciaandgo.com\/wp-content\/uploads\/2025\/12\/img-casa-natalicia.webp\" alt=\"\" width=\"1920\" height=\"1080\" \/><\/p>\n<ul>\n<li><strong>Church of San Esteban:<\/strong> Where he was baptised and where, according to tradition, his first signs of holiness began to manifest themselves.<\/li>\n<\/ul>\n<p><!-- \/wp:list --><!-- wp:image {\"id\":12255,\"width\":\"571px\",\"height\":\"auto\",\"sizeSlug\":\"full\",\"linkDestination\":\"none\",\"align\":\"center\"} --><\/p>\n<figure class=\"wp-block-image aligncenter size-full is-resized\"><img loading=\"lazy\" decoding=\"async\" class=\"alignnone size-full wp-image-3413\" src=\"https:\/\/valenciaandgo.com\/wp-content\/uploads\/2025\/12\/img-iglesia-san-esteban.webp\" alt=\"\" width=\"1920\" height=\"1080\" \/><\/figure>\n<ul>\n<li><strong>Pouet de San Vicent:<\/strong> In Ll\u00edria, a nearby town, there is a well where, according to tradition, the saint worked the miracle of saving a child.<\/li>\n<\/ul>\n<p><!-- \/wp:list --><!-- wp:image {\"id\":12252,\"width\":\"810px\",\"height\":\"auto\",\"sizeSlug\":\"full\",\"linkDestination\":\"none\",\"align\":\"center\"} --><\/p>\n<figure class=\"wp-block-image aligncenter size-full is-resized\"><img loading=\"lazy\" decoding=\"async\" class=\"alignnone size-full wp-image-3400\" src=\"https:\/\/valenciaandgo.com\/wp-content\/uploads\/2025\/12\/img-pouet-san-vicent.webp\" alt=\"\" width=\"1920\" height=\"1080\" \/><\/figure>\n<p><!-- \/wp:image --><!-- wp:paragraph --><\/p>\t\t\t\t\t\t\t\t<\/div>\n\t\t\t\t<\/div>\n\t\t\t\t<\/div>\n\t\t<div class=\"elementor-element elementor-element-8711198 e-con-full e-flex e-con e-child\" data-id=\"8711198\" data-element_type=\"container\" data-e-type=\"container\">\n\t\t<div class=\"elementor-element elementor-element-b6e6b21 e-con-full e-flex e-con e-child\" data-id=\"b6e6b21\" data-element_type=\"container\" data-e-type=\"container\">\n\t\t\t\t<div class=\"elementor-element elementor-element-e9e5a3b elementor-widget elementor-widget-heading\" data-id=\"e9e5a3b\" data-element_type=\"widget\" data-e-type=\"widget\" data-widget_type=\"heading.default\">\n\t\t\t\t\t<h2 class=\"elementor-heading-title elementor-size-default\">Programme of the Festivities of San Vicente Ferrer 2025 in Valencia<\/h2>\t\t\t\t<\/div>\n\t\t\t\t<\/div>\n\t\t<div class=\"elementor-element elementor-element-de1db30 e-con-full e-flex e-con e-child\" data-id=\"de1db30\" data-element_type=\"container\" data-e-type=\"container\">\n\t\t\t\t<div class=\"elementor-element elementor-element-7afbfe9 elementor-widget elementor-widget-text-editor\" data-id=\"7afbfe9\" data-element_type=\"widget\" data-e-type=\"widget\" data-widget_type=\"text-editor.default\">\n\t\t\t\t\t\t\t\t\t<p>If you would like to experience first-hand the most authentic traditions of Valencia, take note of the programme of the most important events:<\/p>\n<p><!-- \/wp:paragraph --><!-- wp:paragraph {\"className\":\"\"} --><\/p>\n<p><strong>12 April<\/strong>Presentation of the Official Book of the Vincentian Festivities in the Casa Natalicia de San Vicente Ferrer.<\/p>\n<p><!-- \/wp:paragraph --><!-- wp:paragraph {\"className\":\"\"} --><\/p>\n<p><br \/><strong>22nd to 24th April<\/strong>Milacres\u201c competition at the Territorial Delegation of the ONCE.<\/p>\n<p><!-- \/wp:paragraph --><!-- wp:paragraph {\"className\":\"\"} --><\/p>\n<p><br \/><strong>25 April<\/strong>: Prize-giving ceremony of the \u00abMilacres\u00bb in Lo Rat Penat.<\/p>\n<p><!-- \/wp:paragraph --><!-- wp:paragraph {\"className\":\"\"} --><\/p>\n<p><br \/><strong>26 April<\/strong>: Performance of the winning \u00abMilacre\u00bb in the Plaza de la Virgen.<\/p>\n<p><!-- \/wp:paragraph --><!-- wp:paragraph {\"className\":\"\"} --><\/p>\n<p><br \/><strong>27 April<\/strong>Traditional fireworks display in the Plaza de la Reina.<\/p>\n<p><!-- \/wp:paragraph --><!-- wp:paragraph {\"className\":\"\"} --><\/p>\n<p><br \/><strong>28 April<\/strong>San Vicente Ferrer's big day:<\/p>\n<p><!-- \/wp:paragraph --><!-- wp:list --><\/p>\n<ul class=\"wp-block-list\"><!-- wp:list-item -->\n<li>10:00 h: Solemn Pontifical Mass in the Cathedral.<\/li>\n<!-- \/wp:list-item --><!-- wp:list-item -->\n<li>12:00 h: Civic procession and floral offering from the Town Hall to the Casa Natalicia.<\/li>\n<!-- \/wp:list-item --><\/ul>\n<p><!-- \/wp:list --><!-- wp:paragraph {\"className\":\"\"} --><\/p>\n<p>You can find more details in the <a class=\"\" href=\"https:\/\/www.valenciabonita.es\/2025\/03\/28\/fiestas-san-vicente-ferrer-2025-valencia\/\">official programme here<\/a>.<\/p>\n<p><!-- \/wp:paragraph --><!-- wp:image {\"id\":12261,\"width\":\"712px\",\"height\":\"auto\",\"sizeSlug\":\"large\",\"linkDestination\":\"none\",\"align\":\"center\"} --><\/p>\n<figure class=\"wp-block-image aligncenter size-large is-resized\"><img loading=\"lazy\" decoding=\"async\" class=\"alignnone size-full wp-image-3399\" src=\"https:\/\/valenciaandgo.com\/wp-content\/uploads\/2025\/12\/img-procesion-san-vicente-ferrer.webp\" alt=\"\" width=\"1920\" height=\"1080\" \/><\/figure>\n<p><!-- \/wp:image --><!-- wp:paragraph {\"className\":\"\"} --><\/p>\n<p>San Vicente Ferrer is not only a religious symbol, he is part of the soul of Valencia. If you visit the city at this time of year, you will experience a unique atmosphere of devotion, culture and history.<\/p>\n<p><!-- \/wp:paragraph --><!-- wp:paragraph {\"className\":\"\"} --><\/p>\n<p>In addition, in <strong>Valencia &amp; Go<\/strong> We organise specialised tours where our guides will help you discover both the figure of St. Vincent and many other secrets of the city.<\/p>\n<p><!-- \/wp:paragraph --><!-- wp:paragraph {\"className\":\"\"} --><\/p>\n<p>Check out our tours here: <a class=\"\" href=\"https:\/\/valenciaandgo.com\/tours\">https:\/\/valenciaandgo.com\/tours<\/a><br \/>And get ready to experience the most authentic Valencia!<\/p>\t\t\t\t\t\t\t\t<\/div>\n\t\t\t\t<\/div>\n\t\t\t\t<\/div>\n\t\t\t\t\t<\/div>\n\t\t\t\t<\/div>\n\t\t\t\t<\/div>","protected":false},"excerpt":{"rendered":"<p>La ciudad de Valencia celebra con gran devoci\u00f3n la festividad de San Vicente Ferrer, uno de sus patrones m\u00e1s queridos y una figura clave en la historia religiosa y cultural no solo de la ciudad, sino tambi\u00e9n de Europa. \u00bfQui\u00e9n fue San Vicente Ferrer? San Vicente Ferrer naci\u00f3 en Valencia en 1350, en el seno [&hellip;]<\/p>\n","protected":false},"author":1,"featured_media":749,"comment_status":"closed","ping_status":"closed","sticky":false,"template":"","format":"standard","meta":{"_acf_changed":false,"footnotes":""},"categories":[22,54],"tags":[28],"class_list":["post-557","post","type-post","status-publish","format-standard","has-post-thumbnail","hentry","category-cultura-tradiciones","category-que-hacer","tag-cultura"],"acf":[],"yoast_head":"<!-- This site is optimized with the Yoast SEO plugin v27.5 - https:\/\/yoast.com\/product\/yoast-seo-wordpress\/ -->\n<title>San Vicente Ferrer: historia, milagros y tradiciones en Valencia<\/title>\n<meta name=\"description\" content=\"Descubre la historia y tradiciones de San Vicente Ferrer, patr\u00f3n de Valencia. Conoce sus milagros, lugares vinculados y las Fiestas de 2025.\" \/>\n<meta name=\"robots\" content=\"index, follow, max-snippet:-1, max-image-preview:large, max-video-preview:-1\" \/>\n<link rel=\"canonical\" href=\"https:\/\/www.valenciaandgo.com\/en\/saint-vincent-ferrer-history\/\" \/>\n<meta property=\"og:locale\" content=\"en_GB\" \/>\n<meta property=\"og:type\" content=\"article\" \/>\n<meta property=\"og:title\" content=\"San Vicente Ferrer: historia, milagros y tradiciones en Valencia\" \/>\n<meta property=\"og:description\" content=\"Descubre la historia y tradiciones de San Vicente Ferrer, patr\u00f3n de Valencia. Conoce sus milagros, lugares vinculados y las Fiestas de 2025.\" \/>\n<meta property=\"og:url\" content=\"https:\/\/www.valenciaandgo.com\/en\/saint-vincent-ferrer-history\/\" \/>\n<meta property=\"og:site_name\" content=\"Valencia&amp;Go\" \/>\n<meta property=\"article:publisher\" content=\"https:\/\/www.facebook.com\/valenciaandgo\/\" \/>\n<meta property=\"article:published_time\" content=\"2025-04-14T13:17:00+00:00\" \/>\n<meta property=\"article:modified_time\" content=\"2026-03-14T13:01:26+00:00\" \/>\n<meta property=\"og:image\" content=\"https:\/\/www.valenciaandgo.com\/wp-content\/uploads\/2025\/11\/img-blog-san-vicente-ferrer.webp\" \/>\n\t<meta property=\"og:image:width\" content=\"1170\" \/>\n\t<meta property=\"og:image:height\" content=\"783\" \/>\n\t<meta property=\"og:image:type\" content=\"image\/webp\" \/>\n<meta name=\"author\" content=\"Valencia &amp; Go\" \/>\n<meta name=\"twitter:card\" content=\"summary_large_image\" \/>\n<meta name=\"twitter:label1\" content=\"Written by\" \/>\n\t<meta name=\"twitter:data1\" content=\"Valencia &amp; Go\" \/>\n\t<meta name=\"twitter:label2\" content=\"Estimated reading time\" \/>\n\t<meta name=\"twitter:data2\" content=\"4 minutes\" \/>\n<script type=\"application\/ld+json\" class=\"yoast-schema-graph\">{\"@context\":\"https:\\\/\\\/schema.org\",\"@graph\":[{\"@type\":\"Article\",\"@id\":\"https:\\\/\\\/www.valenciaandgo.com\\\/san-vicente-ferrer-historia\\\/#article\",\"isPartOf\":{\"@id\":\"https:\\\/\\\/www.valenciaandgo.com\\\/san-vicente-ferrer-historia\\\/\"},\"author\":{\"name\":\"Valencia &amp; Go\",\"@id\":\"https:\\\/\\\/www.valenciaandgo.com\\\/it\\\/#\\\/schema\\\/person\\\/d6e9fc8911f61d877353aabcb0214213\"},\"headline\":\"San Vicente Ferrer: historia, milagros y tradiciones en Valencia\",\"datePublished\":\"2025-04-14T13:17:00+00:00\",\"dateModified\":\"2026-03-14T13:01:26+00:00\",\"mainEntityOfPage\":{\"@id\":\"https:\\\/\\\/www.valenciaandgo.com\\\/san-vicente-ferrer-historia\\\/\"},\"wordCount\":655,\"publisher\":{\"@id\":\"https:\\\/\\\/www.valenciaandgo.com\\\/it\\\/#organization\"},\"image\":{\"@id\":\"https:\\\/\\\/www.valenciaandgo.com\\\/san-vicente-ferrer-historia\\\/#primaryimage\"},\"thumbnailUrl\":\"https:\\\/\\\/www.valenciaandgo.com\\\/wp-content\\\/uploads\\\/2025\\\/11\\\/img-blog-san-vicente-ferrer.webp\",\"keywords\":[\"cultura\"],\"articleSection\":[\"Cultura y tradiciones\",\"Qu\u00e9 hacer\"],\"inLanguage\":\"en-GB\"},{\"@type\":\"WebPage\",\"@id\":\"https:\\\/\\\/www.valenciaandgo.com\\\/san-vicente-ferrer-historia\\\/\",\"url\":\"https:\\\/\\\/www.valenciaandgo.com\\\/san-vicente-ferrer-historia\\\/\",\"name\":\"San Vicente Ferrer: historia, milagros y tradiciones en Valencia\",\"isPartOf\":{\"@id\":\"https:\\\/\\\/www.valenciaandgo.com\\\/it\\\/#website\"},\"primaryImageOfPage\":{\"@id\":\"https:\\\/\\\/www.valenciaandgo.com\\\/san-vicente-ferrer-historia\\\/#primaryimage\"},\"image\":{\"@id\":\"https:\\\/\\\/www.valenciaandgo.com\\\/san-vicente-ferrer-historia\\\/#primaryimage\"},\"thumbnailUrl\":\"https:\\\/\\\/www.valenciaandgo.com\\\/wp-content\\\/uploads\\\/2025\\\/11\\\/img-blog-san-vicente-ferrer.webp\",\"datePublished\":\"2025-04-14T13:17:00+00:00\",\"dateModified\":\"2026-03-14T13:01:26+00:00\",\"description\":\"Descubre la historia y tradiciones de San Vicente Ferrer, patr\u00f3n de Valencia. Conoce sus milagros, lugares vinculados y las Fiestas de 2025.\",\"breadcrumb\":{\"@id\":\"https:\\\/\\\/www.valenciaandgo.com\\\/san-vicente-ferrer-historia\\\/#breadcrumb\"},\"inLanguage\":\"en-GB\",\"potentialAction\":[{\"@type\":\"ReadAction\",\"target\":[\"https:\\\/\\\/www.valenciaandgo.com\\\/san-vicente-ferrer-historia\\\/\"]}]},{\"@type\":\"ImageObject\",\"inLanguage\":\"en-GB\",\"@id\":\"https:\\\/\\\/www.valenciaandgo.com\\\/san-vicente-ferrer-historia\\\/#primaryimage\",\"url\":\"https:\\\/\\\/www.valenciaandgo.com\\\/wp-content\\\/uploads\\\/2025\\\/11\\\/img-blog-san-vicente-ferrer.webp\",\"contentUrl\":\"https:\\\/\\\/www.valenciaandgo.com\\\/wp-content\\\/uploads\\\/2025\\\/11\\\/img-blog-san-vicente-ferrer.webp\",\"width\":1170,\"height\":783},{\"@type\":\"BreadcrumbList\",\"@id\":\"https:\\\/\\\/www.valenciaandgo.com\\\/san-vicente-ferrer-historia\\\/#breadcrumb\",\"itemListElement\":[{\"@type\":\"ListItem\",\"position\":1,\"name\":\"Portada\",\"item\":\"https:\\\/\\\/www.valenciaandgo.com\\\/\"},{\"@type\":\"ListItem\",\"position\":2,\"name\":\"San Vicente Ferrer: historia, milagros y tradiciones en Valencia\"}]},{\"@type\":\"WebSite\",\"@id\":\"https:\\\/\\\/www.valenciaandgo.com\\\/it\\\/#website\",\"url\":\"https:\\\/\\\/www.valenciaandgo.com\\\/it\\\/\",\"name\":\"Valencia&Go\",\"description\":\"Tours por Valencia y alrededores de ciudad.\",\"publisher\":{\"@id\":\"https:\\\/\\\/www.valenciaandgo.com\\\/it\\\/#organization\"},\"potentialAction\":[{\"@type\":\"SearchAction\",\"target\":{\"@type\":\"EntryPoint\",\"urlTemplate\":\"https:\\\/\\\/www.valenciaandgo.com\\\/it\\\/?s={search_term_string}\"},\"query-input\":{\"@type\":\"PropertyValueSpecification\",\"valueRequired\":true,\"valueName\":\"search_term_string\"}}],\"inLanguage\":\"en-GB\"},{\"@type\":\"Organization\",\"@id\":\"https:\\\/\\\/www.valenciaandgo.com\\\/it\\\/#organization\",\"name\":\"Valencia&Go\",\"url\":\"https:\\\/\\\/www.valenciaandgo.com\\\/it\\\/\",\"logo\":{\"@type\":\"ImageObject\",\"inLanguage\":\"en-GB\",\"@id\":\"https:\\\/\\\/www.valenciaandgo.com\\\/it\\\/#\\\/schema\\\/logo\\\/image\\\/\",\"url\":\"https:\\\/\\\/www.valenciaandgo.com\\\/wp-content\\\/uploads\\\/2025\\\/10\\\/valencia_go-svg-blnc-iso-naranja.svg\",\"contentUrl\":\"https:\\\/\\\/www.valenciaandgo.com\\\/wp-content\\\/uploads\\\/2025\\\/10\\\/valencia_go-svg-blnc-iso-naranja.svg\",\"width\":434,\"height\":102,\"caption\":\"Valencia&Go\"},\"image\":{\"@id\":\"https:\\\/\\\/www.valenciaandgo.com\\\/it\\\/#\\\/schema\\\/logo\\\/image\\\/\"},\"sameAs\":[\"https:\\\/\\\/www.facebook.com\\\/valenciaandgo\\\/\",\"https:\\\/\\\/www.instagram.com\\\/valenciaandgo\",\"https:\\\/\\\/www.linkedin.com\\\/company\\\/valencia-go\\\/\",\"https:\\\/\\\/www.tiktok.com\\\/@valenciaandgo\"]},{\"@type\":\"Person\",\"@id\":\"https:\\\/\\\/www.valenciaandgo.com\\\/it\\\/#\\\/schema\\\/person\\\/d6e9fc8911f61d877353aabcb0214213\",\"name\":\"Valencia &amp; Go\",\"sameAs\":[\"https:\\\/\\\/valenciaandgo.com\"],\"url\":\"https:\\\/\\\/www.valenciaandgo.com\\\/en\\\/author\\\/valencia\\\/\"}]}<\/script>\n<!-- \/ Yoast SEO plugin. -->","yoast_head_json":{"title":"San Vicente Ferrer: history, miracles and traditions in Valencia","description":"Discover the history and traditions of San Vicente Ferrer, patron saint of Valencia. Find out about his miracles, places linked to him and the Fiestas of 2025.","robots":{"index":"index","follow":"follow","max-snippet":"max-snippet:-1","max-image-preview":"max-image-preview:large","max-video-preview":"max-video-preview:-1"},"canonical":"https:\/\/www.valenciaandgo.com\/en\/saint-vincent-ferrer-history\/","og_locale":"en_GB","og_type":"article","og_title":"San Vicente Ferrer: historia, milagros y tradiciones en Valencia","og_description":"Descubre la historia y tradiciones de San Vicente Ferrer, patr\u00f3n de Valencia. Conoce sus milagros, lugares vinculados y las Fiestas de 2025.","og_url":"https:\/\/www.valenciaandgo.com\/en\/saint-vincent-ferrer-history\/","og_site_name":"Valencia&amp;Go","article_publisher":"https:\/\/www.facebook.com\/valenciaandgo\/","article_published_time":"2025-04-14T13:17:00+00:00","article_modified_time":"2026-03-14T13:01:26+00:00","og_image":[{"width":1170,"height":783,"url":"https:\/\/www.valenciaandgo.com\/wp-content\/uploads\/2025\/11\/img-blog-san-vicente-ferrer.webp","type":"image\/webp"}],"author":"Valencia &amp; Go","twitter_card":"summary_large_image","twitter_misc":{"Written by":"Valencia &amp; Go","Estimated reading time":"4 minutes"},"schema":{"@context":"https:\/\/schema.org","@graph":[{"@type":"Article","@id":"https:\/\/www.valenciaandgo.com\/san-vicente-ferrer-historia\/#article","isPartOf":{"@id":"https:\/\/www.valenciaandgo.com\/san-vicente-ferrer-historia\/"},"author":{"name":"Valencia &amp; Go","@id":"https:\/\/www.valenciaandgo.com\/it\/#\/schema\/person\/d6e9fc8911f61d877353aabcb0214213"},"headline":"San Vicente Ferrer: historia, milagros y tradiciones en Valencia","datePublished":"2025-04-14T13:17:00+00:00","dateModified":"2026-03-14T13:01:26+00:00","mainEntityOfPage":{"@id":"https:\/\/www.valenciaandgo.com\/san-vicente-ferrer-historia\/"},"wordCount":655,"publisher":{"@id":"https:\/\/www.valenciaandgo.com\/it\/#organization"},"image":{"@id":"https:\/\/www.valenciaandgo.com\/san-vicente-ferrer-historia\/#primaryimage"},"thumbnailUrl":"https:\/\/www.valenciaandgo.com\/wp-content\/uploads\/2025\/11\/img-blog-san-vicente-ferrer.webp","keywords":["cultura"],"articleSection":["Cultura y tradiciones","Qu\u00e9 hacer"],"inLanguage":"en-GB"},{"@type":"WebPage","@id":"https:\/\/www.valenciaandgo.com\/san-vicente-ferrer-historia\/","url":"https:\/\/www.valenciaandgo.com\/san-vicente-ferrer-historia\/","name":"San Vicente Ferrer: history, miracles and traditions in Valencia","isPartOf":{"@id":"https:\/\/www.valenciaandgo.com\/it\/#website"},"primaryImageOfPage":{"@id":"https:\/\/www.valenciaandgo.com\/san-vicente-ferrer-historia\/#primaryimage"},"image":{"@id":"https:\/\/www.valenciaandgo.com\/san-vicente-ferrer-historia\/#primaryimage"},"thumbnailUrl":"https:\/\/www.valenciaandgo.com\/wp-content\/uploads\/2025\/11\/img-blog-san-vicente-ferrer.webp","datePublished":"2025-04-14T13:17:00+00:00","dateModified":"2026-03-14T13:01:26+00:00","description":"Discover the history and traditions of San Vicente Ferrer, patron saint of Valencia. Find out about his miracles, places linked to him and the Fiestas of 2025.","breadcrumb":{"@id":"https:\/\/www.valenciaandgo.com\/san-vicente-ferrer-historia\/#breadcrumb"},"inLanguage":"en-GB","potentialAction":[{"@type":"ReadAction","target":["https:\/\/www.valenciaandgo.com\/san-vicente-ferrer-historia\/"]}]},{"@type":"ImageObject","inLanguage":"en-GB","@id":"https:\/\/www.valenciaandgo.com\/san-vicente-ferrer-historia\/#primaryimage","url":"https:\/\/www.valenciaandgo.com\/wp-content\/uploads\/2025\/11\/img-blog-san-vicente-ferrer.webp","contentUrl":"https:\/\/www.valenciaandgo.com\/wp-content\/uploads\/2025\/11\/img-blog-san-vicente-ferrer.webp","width":1170,"height":783},{"@type":"BreadcrumbList","@id":"https:\/\/www.valenciaandgo.com\/san-vicente-ferrer-historia\/#breadcrumb","itemListElement":[{"@type":"ListItem","position":1,"name":"Portada","item":"https:\/\/www.valenciaandgo.com\/"},{"@type":"ListItem","position":2,"name":"San Vicente Ferrer: historia, milagros y tradiciones en Valencia"}]},{"@type":"WebSite","@id":"https:\/\/www.valenciaandgo.com\/it\/#website","url":"https:\/\/www.valenciaandgo.com\/it\/","name":"Valencia&amp;Go","description":"Tours of Valencia and the surrounding area.","publisher":{"@id":"https:\/\/www.valenciaandgo.com\/it\/#organization"},"potentialAction":[{"@type":"SearchAction","target":{"@type":"EntryPoint","urlTemplate":"https:\/\/www.valenciaandgo.com\/it\/?s={search_term_string}"},"query-input":{"@type":"PropertyValueSpecification","valueRequired":true,"valueName":"search_term_string"}}],"inLanguage":"en-GB"},{"@type":"Organization","@id":"https:\/\/www.valenciaandgo.com\/it\/#organization","name":"Valencia&amp;Go","url":"https:\/\/www.valenciaandgo.com\/it\/","logo":{"@type":"ImageObject","inLanguage":"en-GB","@id":"https:\/\/www.valenciaandgo.com\/it\/#\/schema\/logo\/image\/","url":"https:\/\/www.valenciaandgo.com\/wp-content\/uploads\/2025\/10\/valencia_go-svg-blnc-iso-naranja.svg","contentUrl":"https:\/\/www.valenciaandgo.com\/wp-content\/uploads\/2025\/10\/valencia_go-svg-blnc-iso-naranja.svg","width":434,"height":102,"caption":"Valencia&Go"},"image":{"@id":"https:\/\/www.valenciaandgo.com\/it\/#\/schema\/logo\/image\/"},"sameAs":["https:\/\/www.facebook.com\/valenciaandgo\/","https:\/\/www.instagram.com\/valenciaandgo","https:\/\/www.linkedin.com\/company\/valencia-go\/","https:\/\/www.tiktok.com\/@valenciaandgo"]},{"@type":"Person","@id":"https:\/\/www.valenciaandgo.com\/it\/#\/schema\/person\/d6e9fc8911f61d877353aabcb0214213","name":"Valencia &amp; Go","sameAs":["https:\/\/valenciaandgo.com"],"url":"https:\/\/www.valenciaandgo.com\/en\/author\/valencia\/"}]}},"_links":{"self":[{"href":"https:\/\/www.valenciaandgo.com\/en\/wp-json\/wp\/v2\/posts\/557","targetHints":{"allow":["GET"]}}],"collection":[{"href":"https:\/\/www.valenciaandgo.com\/en\/wp-json\/wp\/v2\/posts"}],"about":[{"href":"https:\/\/www.valenciaandgo.com\/en\/wp-json\/wp\/v2\/types\/post"}],"author":[{"embeddable":true,"href":"https:\/\/www.valenciaandgo.com\/en\/wp-json\/wp\/v2\/users\/1"}],"replies":[{"embeddable":true,"href":"https:\/\/www.valenciaandgo.com\/en\/wp-json\/wp\/v2\/comments?post=557"}],"version-history":[{"count":0,"href":"https:\/\/www.valenciaandgo.com\/en\/wp-json\/wp\/v2\/posts\/557\/revisions"}],"wp:featuredmedia":[{"embeddable":true,"href":"https:\/\/www.valenciaandgo.com\/en\/wp-json\/wp\/v2\/media\/749"}],"wp:attachment":[{"href":"https:\/\/www.valenciaandgo.com\/en\/wp-json\/wp\/v2\/media?parent=557"}],"wp:term":[{"taxonomy":"category","embeddable":true,"href":"https:\/\/www.valenciaandgo.com\/en\/wp-json\/wp\/v2\/categories?post=557"},{"taxonomy":"post_tag","embeddable":true,"href":"https:\/\/www.valenciaandgo.com\/en\/wp-json\/wp\/v2\/tags?post=557"}],"curies":[{"name":"wp","href":"https:\/\/api.w.org\/{rel}","templated":true}]}}