{"id":573,"date":"2025-10-08T10:34:00","date_gmt":"2025-10-08T10:34:00","guid":{"rendered":"https:\/\/new.valenciaandgo.com\/?p=573"},"modified":"2026-03-14T13:01:26","modified_gmt":"2026-03-14T13:01:26","slug":"10-facts-valencia","status":"publish","type":"post","link":"https:\/\/www.valenciaandgo.com\/en\/10-datos-valencia\/","title":{"rendered":"10 curiosities about Valencia that you (probably) didn't know about"},"content":{"rendered":"<div data-elementor-type=\"wp-post\" data-elementor-id=\"573\" class=\"elementor elementor-573\" data-elementor-post-type=\"post\">\n\t\t\t\t<div class=\"elementor-element elementor-element-5e24f6e5 e-flex e-con-boxed e-con e-parent\" data-id=\"5e24f6e5\" data-element_type=\"container\" data-e-type=\"container\">\n\t\t\t\t\t<div class=\"e-con-inner\">\n\t\t\t\t<div class=\"elementor-element elementor-element-75141a10 elementor-widget elementor-widget-text-editor\" data-id=\"75141a10\" data-element_type=\"widget\" data-e-type=\"widget\" data-widget_type=\"text-editor.default\">\n\t\t\t\t\t\t\t\t\t\n<p>When we talk about Valencia, many people automatically think of <strong>beaches<\/strong>, <strong>paella<\/strong>, <strong>faults <\/strong>and <strong>the City of Arts and Sciences<\/strong>. But this Mediterranean city hides much more than tourist postcards: it is full of real stories, unexpected corners and details that even many Valencians are unaware of.<\/p>\n<p><\/p>\n<p>From record-breaking buildings to century-old institutions that are still active today, we tell you about <strong>10 curiosities that will make you look at Valencia with different eyes<\/strong>.<\/p>\n\t\t\t\t\t\t\t\t<\/div>\n\t\t\t\t\t<\/div>\n\t\t\t\t<\/div>\n\t\t<div class=\"elementor-element elementor-element-2728766 e-flex e-con-boxed e-con e-parent\" data-id=\"2728766\" data-element_type=\"container\" data-e-type=\"container\">\n\t\t\t\t\t<div class=\"e-con-inner\">\n\t\t<div class=\"elementor-element elementor-element-b7ee84c e-con-full e-flex e-con e-child\" data-id=\"b7ee84c\" data-element_type=\"container\" data-e-type=\"container\">\n\t\t\t\t<div class=\"elementor-element elementor-element-1c80127 elementor-widget elementor-widget-heading\" data-id=\"1c80127\" data-element_type=\"widget\" data-e-type=\"widget\" data-widget_type=\"heading.default\">\n\t\t\t\t\t<h2 class=\"elementor-heading-title elementor-size-default\"><span style=\"letter-spacing: 0px\">1. Valencia stands for courage<\/span><\/h2>\t\t\t\t<\/div>\n\t\t\t\t<\/div>\n\t\t<div class=\"elementor-element elementor-element-3b1a0b8 e-con-full e-flex e-con e-child\" data-id=\"3b1a0b8\" data-element_type=\"container\" data-e-type=\"container\">\n\t\t\t\t<div class=\"elementor-element elementor-element-cad80ab elementor-widget elementor-widget-text-editor\" data-id=\"cad80ab\" data-element_type=\"widget\" data-e-type=\"widget\" data-widget_type=\"text-editor.default\">\n\t\t\t\t\t\t\t\t\t<p>Few people know that the original name of Valencia comes from Latin <em>Valentia Edetanorum<\/em>, which means \u201ccourage\u201d or \u201cbravery\u201d. The city was founded in <strong>138 BC<\/strong>. by veteran Roman soldiers, in a fertile area next to the river Turia. These Roman roots are still present in its urban layout and in some of the archaeological remains visible today in the <strong>Almoina Archaeological Centre<\/strong>.<\/p>\n<p><!-- \/wp:paragraph --><!-- wp:paragraph --><\/p>\n<p><em>Bonus fact<\/em>You can visit part of these remains for free on Sundays.<\/p>\n<p><!-- \/wp:paragraph --><!-- wp:paragraph --><\/p>\t\t\t\t\t\t\t\t<\/div>\n\t\t\t\t<\/div>\n\t\t\t\t\t<\/div>\n\t\t\t\t<\/div>\n\t\t<div class=\"elementor-element elementor-element-f7c10a1 e-flex e-con-boxed e-con e-parent\" data-id=\"f7c10a1\" data-element_type=\"container\" data-e-type=\"container\">\n\t\t\t\t\t<div class=\"e-con-inner\">\n\t\t<div class=\"elementor-element elementor-element-dee320c e-con-full e-flex e-con e-child\" data-id=\"dee320c\" data-element_type=\"container\" data-e-type=\"container\">\n\t\t\t\t<div class=\"elementor-element elementor-element-bae2b52 elementor-widget elementor-widget-heading\" data-id=\"bae2b52\" data-element_type=\"widget\" data-e-type=\"widget\" data-widget_type=\"heading.default\">\n\t\t\t\t\t<h2 class=\"elementor-heading-title elementor-size-default\">2. Valencia was the capital of Spain<\/h2>\t\t\t\t<\/div>\n\t\t\t\t<\/div>\n\t\t<div class=\"elementor-element elementor-element-9acca7f e-con-full e-flex e-con e-child\" data-id=\"9acca7f\" data-element_type=\"container\" data-e-type=\"container\">\n\t\t\t\t<div class=\"elementor-element elementor-element-eb78a79 elementor-widget elementor-widget-text-editor\" data-id=\"eb78a79\" data-element_type=\"widget\" data-e-type=\"widget\" data-widget_type=\"text-editor.default\">\n\t\t\t\t\t\t\t\t\t<p>During the <strong>Spanish Civil War<\/strong>, Between 1936 and 1937, Valencia was the provisional capital of the country. Madrid was under constant threat and the city offered greater security. Ministerial offices and diplomatic headquarters were set up here, making Valencia one of the most active political and cultural centres of the time.<\/p>\n<p>Today, some of these buildings are still in use, such as the North Station or the Town Hall.<\/p>\n<p><img fetchpriority=\"high\" decoding=\"async\" class=\"alignnone size-full wp-image-3278\" src=\"https:\/\/valenciaandgo.com\/wp-content\/uploads\/2025\/12\/estacio-del-nord.webp\" alt=\"\" width=\"696\" height=\"1080\" \/><\/p>\n<p><!-- \/wp:paragraph --><\/p>\n<p><!-- wp:paragraph --><\/p>\n<p><!-- \/wp:paragraph --><\/p>\n<p><!-- wp:heading --><\/p>\t\t\t\t\t\t\t\t<\/div>\n\t\t\t\t<\/div>\n\t\t\t\t\t<\/div>\n\t\t\t\t<\/div>\n\t\t<div class=\"elementor-element elementor-element-6639e8f e-flex e-con-boxed e-con e-parent\" data-id=\"6639e8f\" data-element_type=\"container\" data-e-type=\"container\">\n\t\t\t\t\t<div class=\"e-con-inner\">\n\t\t<div class=\"elementor-element elementor-element-869608b e-con-full e-flex e-con e-child\" data-id=\"869608b\" data-element_type=\"container\" data-e-type=\"container\">\n\t\t\t\t<div class=\"elementor-element elementor-element-3c0e47b elementor-widget__width-initial elementor-widget elementor-widget-heading\" data-id=\"3c0e47b\" data-element_type=\"widget\" data-e-type=\"widget\" data-widget_type=\"heading.default\">\n\t\t\t\t\t<h2 class=\"elementor-heading-title elementor-size-default\">3. The narrowest building in Europe is here<\/h2>\t\t\t\t<\/div>\n\t\t\t\t<\/div>\n\t\t<div class=\"elementor-element elementor-element-f629a29 e-con-full e-flex e-con e-child\" data-id=\"f629a29\" data-element_type=\"container\" data-e-type=\"container\">\n\t\t\t\t<div class=\"elementor-element elementor-element-8788d09 elementor-widget elementor-widget-text-editor\" data-id=\"8788d09\" data-element_type=\"widget\" data-e-type=\"widget\" data-widget_type=\"text-editor.default\">\n\t\t\t\t\t\t\t\t\t<p>In the heart of the historic centre, in the Plaza Lope de Vega, you will find \u201cLa Estrecha\u201d: a <strong>facade of only 107 centimetres<\/strong> It is the narrowest building in Europe. Formerly a dwelling, it is now part of a hotel and restaurant.<\/p>\n<p><!-- \/wp:qubely\/image --><!-- wp:paragraph --><\/p>\n<p>A perfect place to take a curious photo and understand what the popular architecture of the centre used to be like.<\/p>\n<p><!-- \/wp:paragraph --><!-- wp:paragraph --><\/p>\n<p><img decoding=\"async\" class=\"alignnone size-full wp-image-3282\" src=\"https:\/\/valenciaandgo.com\/wp-content\/uploads\/2025\/12\/la-estrecha.webp\" alt=\"\" width=\"810\" height=\"1080\" \/><\/p>\t\t\t\t\t\t\t\t<\/div>\n\t\t\t\t<\/div>\n\t\t\t\t\t<\/div>\n\t\t\t\t<\/div>\n\t\t<div class=\"elementor-element elementor-element-d5e95c3 e-flex e-con-boxed e-con e-parent\" data-id=\"d5e95c3\" data-element_type=\"container\" data-e-type=\"container\">\n\t\t\t\t\t<div class=\"e-con-inner\">\n\t\t<div class=\"elementor-element elementor-element-ba61924 e-con-full e-flex e-con e-child\" data-id=\"ba61924\" data-element_type=\"container\" data-e-type=\"container\">\n\t\t\t\t<div class=\"elementor-element elementor-element-41e4c45 elementor-widget elementor-widget-heading\" data-id=\"41e4c45\" data-element_type=\"widget\" data-e-type=\"widget\" data-widget_type=\"heading.default\">\n\t\t\t\t\t<h2 class=\"elementor-heading-title elementor-size-default\">4. A river turned into the largest park in the city<\/h2>\t\t\t\t<\/div>\n\t\t\t\t<\/div>\n\t\t<div class=\"elementor-element elementor-element-f829320 e-con-full e-flex e-con e-child\" data-id=\"f829320\" data-element_type=\"container\" data-e-type=\"container\">\n\t\t\t\t<div class=\"elementor-element elementor-element-b30c081 elementor-widget elementor-widget-text-editor\" data-id=\"b30c081\" data-element_type=\"widget\" data-e-type=\"widget\" data-widget_type=\"text-editor.default\">\n\t\t\t\t\t\t\t\t\t<p>The Turia Garden was not always a park. The river Turia used to flow through it, but it was diverted after a great flood in 1957. Instead of turning it into a motorway, the city decided to create a huge green lung of more than 10 km, today one of the largest urban parks in Spain, which you can explore by bike, on foot or join one of our guided tours along the riverbed.<\/p>\t\t\t\t\t\t\t\t<\/div>\n\t\t\t\t<\/div>\n\t\t\t\t\t<\/div>\n\t\t\t\t<\/div>\n\t\t<div class=\"elementor-element elementor-element-05b6cb2 e-flex e-con-boxed e-con e-parent\" data-id=\"05b6cb2\" data-element_type=\"container\" data-e-type=\"container\">\n\t\t\t\t\t<div class=\"e-con-inner\">\n\t\t<div class=\"elementor-element elementor-element-029b3d1 e-con-full e-flex e-con e-child\" data-id=\"029b3d1\" data-element_type=\"container\" data-e-type=\"container\">\n\t\t\t\t<div class=\"elementor-element elementor-element-181b11c elementor-widget elementor-widget-heading\" data-id=\"181b11c\" data-element_type=\"widget\" data-e-type=\"widget\" data-widget_type=\"heading.default\">\n\t\t\t\t\t<h2 class=\"elementor-heading-title elementor-size-default\">5. The world's oldest water court<\/h2>\t\t\t\t<\/div>\n\t\t\t\t<\/div>\n\t\t<div class=\"elementor-element elementor-element-d81b1f8 e-con-full e-flex e-con e-child\" data-id=\"d81b1f8\" data-element_type=\"container\" data-e-type=\"container\">\n\t\t\t\t<div class=\"elementor-element elementor-element-7326d76 elementor-widget elementor-widget-text-editor\" data-id=\"7326d76\" data-element_type=\"widget\" data-e-type=\"widget\" data-widget_type=\"text-editor.default\">\n\t\t\t\t\t\t\t\t\t<p>Every Thursday at noon, in front of the Cathedral's Apostle's door, a meeting takes place <strong>the Water Tribunal<\/strong>. This institution, recognised by UNESCO, has been functioning for more than 1,000 years to resolve irrigation disputes between farmers.<\/p>\n<p><!-- \/wp:paragraph --><!-- wp:paragraph --><\/p>\n<p>There is no paperwork, no lawyers, no delays. Decisions are oral and firm, as in the Middle Ages.<\/p>\t\t\t\t\t\t\t\t<\/div>\n\t\t\t\t<\/div>\n\t\t\t\t\t<\/div>\n\t\t\t\t<\/div>\n\t\t<div class=\"elementor-element elementor-element-9674804 e-flex e-con-boxed e-con e-parent\" data-id=\"9674804\" data-element_type=\"container\" data-e-type=\"container\">\n\t\t\t\t\t<div class=\"e-con-inner\">\n\t\t<div class=\"elementor-element elementor-element-9f438d9 e-con-full e-flex e-con e-child\" data-id=\"9f438d9\" data-element_type=\"container\" data-e-type=\"container\">\n\t\t\t\t<div class=\"elementor-element elementor-element-d52109b elementor-widget elementor-widget-heading\" data-id=\"d52109b\" data-element_type=\"widget\" data-e-type=\"widget\" data-widget_type=\"heading.default\">\n\t\t\t\t\t<h2 class=\"elementor-heading-title elementor-size-default\">6. La Lonja de la Seda: World Heritage Site<\/h2>\t\t\t\t<\/div>\n\t\t\t\t<\/div>\n\t\t<div class=\"elementor-element elementor-element-eb7bf54 e-con-full e-flex e-con e-child\" data-id=\"eb7bf54\" data-element_type=\"container\" data-e-type=\"container\">\n\t\t\t\t<div class=\"elementor-element elementor-element-7211f29 elementor-widget elementor-widget-text-editor\" data-id=\"7211f29\" data-element_type=\"widget\" data-e-type=\"widget\" data-widget_type=\"text-editor.default\">\n\t\t\t\t\t\t\t\t\t<p>Built between 1482 and 1533, the <strong>Silk Exchange<\/strong> represents the commercial power that Valencia had for centuries. In its majestic Sala de Contrataci\u00f3n, silk deals from all over the world were concluded. Today it is one of the most impressive civil Gothic buildings in Europe and a UNESCO World Heritage Site.<\/p>\n<p><img decoding=\"async\" class=\"alignnone size-full wp-image-3281\" src=\"https:\/\/valenciaandgo.com\/wp-content\/uploads\/2025\/12\/inside-lonja-seda.webp\" alt=\"\" width=\"1920\" height=\"1080\" \/><\/p>\n<p><!-- \/wp:qubely\/image --><!-- wp:paragraph --><\/p>\n<p>Look at its spiral columns: they symbolise clean and honest trade.<\/p>\t\t\t\t\t\t\t\t<\/div>\n\t\t\t\t<\/div>\n\t\t\t\t\t<\/div>\n\t\t\t\t<\/div>\n\t\t<div class=\"elementor-element elementor-element-92b0020 e-flex e-con-boxed e-con e-parent\" data-id=\"92b0020\" data-element_type=\"container\" data-e-type=\"container\">\n\t\t\t\t\t<div class=\"e-con-inner\">\n\t\t<div class=\"elementor-element elementor-element-7e19361 e-con-full e-flex e-con e-child\" data-id=\"7e19361\" data-element_type=\"container\" data-e-type=\"container\">\n\t\t\t\t<div class=\"elementor-element elementor-element-a134c49 elementor-widget elementor-widget-heading\" data-id=\"a134c49\" data-element_type=\"widget\" data-e-type=\"widget\" data-widget_type=\"heading.default\">\n\t\t\t\t\t<h2 class=\"elementor-heading-title elementor-size-default\">7. The Holy Chalice is in the cathedral of Valencia.<\/h2>\t\t\t\t<\/div>\n\t\t\t\t<\/div>\n\t\t<div class=\"elementor-element elementor-element-3a806dc e-con-full e-flex e-con e-child\" data-id=\"3a806dc\" data-element_type=\"container\" data-e-type=\"container\">\n\t\t\t\t<div class=\"elementor-element elementor-element-8956be2 elementor-widget elementor-widget-text-editor\" data-id=\"8956be2\" data-element_type=\"widget\" data-e-type=\"widget\" data-widget_type=\"text-editor.default\">\n\t\t\t\t\t\t\t\t\t<p>Yes, you read that right. The Cathedral of Valencia holds the <strong>Holy Chalice<\/strong>, the cup that Jesus Christ is said to have used at the Last Supper. Although its authenticity is not 100% verifiable, it has been recognised by several popes and is a key piece of the city's religious history.<\/p>\n<p><!-- \/wp:paragraph --><!-- wp:paragraph --><\/p>\n<p>You can see it in the Chapel of the Holy Chalice inside the Cathedral.<\/p>\t\t\t\t\t\t\t\t<\/div>\n\t\t\t\t<\/div>\n\t\t\t\t\t<\/div>\n\t\t\t\t<\/div>\n\t\t<div class=\"elementor-element elementor-element-717644c e-flex e-con-boxed e-con e-parent\" data-id=\"717644c\" data-element_type=\"container\" data-e-type=\"container\">\n\t\t\t\t\t<div class=\"e-con-inner\">\n\t\t<div class=\"elementor-element elementor-element-d46b587 e-con-full e-flex e-con e-child\" data-id=\"d46b587\" data-element_type=\"container\" data-e-type=\"container\">\n\t\t\t\t<div class=\"elementor-element elementor-element-25243f0 elementor-widget elementor-widget-heading\" data-id=\"25243f0\" data-element_type=\"widget\" data-e-type=\"widget\" data-widget_type=\"heading.default\">\n\t\t\t\t\t<h2 class=\"elementor-heading-title elementor-size-default\">8. The Agua de Valencia: a unique cocktail<\/h2>\t\t\t\t<\/div>\n\t\t\t\t<\/div>\n\t\t<div class=\"elementor-element elementor-element-df46ca5 e-con-full e-flex e-con e-child\" data-id=\"df46ca5\" data-element_type=\"container\" data-e-type=\"container\">\n\t\t\t\t<div class=\"elementor-element elementor-element-6d82232 elementor-widget elementor-widget-text-editor\" data-id=\"6d82232\" data-element_type=\"widget\" data-e-type=\"widget\" data-widget_type=\"text-editor.default\">\n\t\t\t\t\t\t\t\t\t<p>It was born in 1959 in the Caf\u00e9 Madrid, when a group of friends asked for \u201csomething different\u201d and the painter <strong>Constante Gil<\/strong> mixed cava, orange juice, vodka and gin. This is how the <strong>Water from Valencia<\/strong>, today one of the most emblematic cocktails in the city.<\/p>\n<p><img loading=\"lazy\" decoding=\"async\" class=\"alignnone size-full wp-image-3271\" src=\"https:\/\/valenciaandgo.com\/wp-content\/uploads\/2025\/12\/agua-de-valencia.webp\" alt=\"\" width=\"1920\" height=\"1080\" \/><\/p>\n<p><!-- \/wp:qubely\/image --><!-- wp:paragraph --><\/p>\n<p>Local tip: we recommend the Caf\u00e9 de las Horas to try it out.<\/p>\n<p><!-- \/wp:paragraph --><!-- wp:paragraph --><\/p>\n<p><!-- \/wp:paragraph --><!-- wp:heading --><\/p>\n<p><!-- \/wp:heading --><!-- wp:paragraph --><\/p>\t\t\t\t\t\t\t\t<\/div>\n\t\t\t\t<\/div>\n\t\t\t\t\t<\/div>\n\t\t\t\t<\/div>\n\t\t<div class=\"elementor-element elementor-element-0c8e751 e-flex e-con-boxed e-con e-parent\" data-id=\"0c8e751\" data-element_type=\"container\" data-e-type=\"container\">\n\t\t\t\t\t<div class=\"e-con-inner\">\n\t\t<div class=\"elementor-element elementor-element-91a040e e-con-full e-flex e-con e-child\" data-id=\"91a040e\" data-element_type=\"container\" data-e-type=\"container\">\n\t\t\t\t<div class=\"elementor-element elementor-element-b8fef04 elementor-widget elementor-widget-heading\" data-id=\"b8fef04\" data-element_type=\"widget\" data-e-type=\"widget\" data-widget_type=\"heading.default\">\n\t\t\t\t\t<h2 class=\"elementor-heading-title elementor-size-default\">9. Valencia has more than 1,100 traffic lights.<\/h2>\t\t\t\t<\/div>\n\t\t\t\t<\/div>\n\t\t<div class=\"elementor-element elementor-element-9d990d6 e-con-full e-flex e-con e-child\" data-id=\"9d990d6\" data-element_type=\"container\" data-e-type=\"container\">\n\t\t\t\t<div class=\"elementor-element elementor-element-dd5181f elementor-widget elementor-widget-text-editor\" data-id=\"dd5181f\" data-element_type=\"widget\" data-e-type=\"widget\" data-widget_type=\"text-editor.default\">\n\t\t\t\t\t\t\t\t\t<p>Although it may seem an anecdotal fact, Valencia has more than <strong>1,100 traffic light junctions<\/strong>, a very high figure for its population. This reflects its urban structure, designed for pedestrians and bicycles.<\/p>\n<p><!-- \/wp:paragraph --><!-- wp:paragraph --><\/p>\n<p>That's why it's one of the most convenient cities in Europe to get around on foot!<\/p>\n<p><!-- \/wp:paragraph --><!-- wp:paragraph --><\/p>\t\t\t\t\t\t\t\t<\/div>\n\t\t\t\t<\/div>\n\t\t\t\t\t<\/div>\n\t\t\t\t<\/div>\n\t\t<div class=\"elementor-element elementor-element-225d7c3 e-flex e-con-boxed e-con e-parent\" data-id=\"225d7c3\" data-element_type=\"container\" data-e-type=\"container\">\n\t\t\t\t\t<div class=\"e-con-inner\">\n\t\t<div class=\"elementor-element elementor-element-8be1169 e-con-full e-flex e-con e-child\" data-id=\"8be1169\" data-element_type=\"container\" data-e-type=\"container\">\n\t\t\t\t<div class=\"elementor-element elementor-element-b2dbe03 elementor-widget elementor-widget-heading\" data-id=\"b2dbe03\" data-element_type=\"widget\" data-e-type=\"widget\" data-widget_type=\"heading.default\">\n\t\t\t\t\t<h2 class=\"elementor-heading-title elementor-size-default\">10. Little-known museums with hidden gems<\/h2>\t\t\t\t<\/div>\n\t\t\t\t<\/div>\n\t\t<div class=\"elementor-element elementor-element-e8372fa e-con-full e-flex e-con e-child\" data-id=\"e8372fa\" data-element_type=\"container\" data-e-type=\"container\">\n\t\t\t\t<div class=\"elementor-element elementor-element-31bdaad elementor-widget elementor-widget-text-editor\" data-id=\"31bdaad\" data-element_type=\"widget\" data-e-type=\"widget\" data-widget_type=\"text-editor.default\">\n\t\t\t\t\t\t\t\t\t<p>Beyond the City of Arts and Sciences, Valencia has some real hidden gems: the <strong>Museum of Natural Sciences<\/strong> in the Jardines del Real, the <strong>Prehistoric Museum<\/strong> with unique pieces, or the <strong>Almoina Museum<\/strong>, which hides Roman remains underground.<\/p>\n<p><!-- \/wp:paragraph --><!-- wp:paragraph --><\/p>\n<p>Perfect to visit if you are looking for different and quiet plans.<\/p>\t\t\t\t\t\t\t\t<\/div>\n\t\t\t\t<\/div>\n\t\t\t\t\t<\/div>\n\t\t\t\t<\/div>\n\t\t<div class=\"elementor-element elementor-element-1a1afba e-flex e-con-boxed e-con e-parent\" data-id=\"1a1afba\" data-element_type=\"container\" data-e-type=\"container\">\n\t\t\t\t\t<div class=\"e-con-inner\">\n\t\t<div class=\"elementor-element elementor-element-ba53b0d e-con-full e-flex e-con e-child\" data-id=\"ba53b0d\" data-element_type=\"container\" data-e-type=\"container\">\n\t\t\t\t<div class=\"elementor-element elementor-element-a395e60 elementor-widget elementor-widget-heading\" data-id=\"a395e60\" data-element_type=\"widget\" data-e-type=\"widget\" data-widget_type=\"heading.default\">\n\t\t\t\t\t<h2 class=\"elementor-heading-title elementor-size-default\">Explore these and more secrets with us<\/h2>\t\t\t\t<\/div>\n\t\t\t\t<\/div>\n\t\t<div class=\"elementor-element elementor-element-16a2ac1 e-con-full e-flex e-con e-child\" data-id=\"16a2ac1\" data-element_type=\"container\" data-e-type=\"container\">\n\t\t\t\t<div class=\"elementor-element elementor-element-67386fa elementor-widget elementor-widget-text-editor\" data-id=\"67386fa\" data-element_type=\"widget\" data-e-type=\"widget\" data-widget_type=\"text-editor.default\">\n\t\t\t\t\t\t\t\t\t<p>If you are passionate about travelling from a different perspective, you can combine these curiosities with our tours and experiences:<\/p>\n<p><!-- \/wp:paragraph --><!-- wp:list --><\/p>\n<ul class=\"wp-block-list\"><!-- wp:list-item -->\n<li><a href=\"https:\/\/valenciaandgo.com\/tours-valencia\/tour-de-arte-y-arquitectura\/\">Art and Architecture Tour<\/a> including tickets<\/li>\n<!-- \/wp:list-item --><!-- wp:list-item -->\n<li><a href=\"https:\/\/valenciaandgo.com\/tours-valencia\/gincana-por-valencia\/\">Gymkhana through the historic centre<\/a>Discover the history of the city in a different way.<\/li>\n<!-- \/wp:list-item --><!-- wp:list-item -->\n<li><a href=\"https:\/\/valenciaandgo.com\/tours-valencia\/ruta-en-bici-por-el-parque-del-rio-turia\/\">Bike tour<\/a> along the river Turia<\/li>\n<!-- \/wp:list-item --><\/ul>\n<p><!-- \/wp:list --><!-- wp:paragraph --><\/p>\n<p>And don't forget to follow us on Instagram and TikTok to discover more curiosities.<\/p>\n<p><!-- \/wp:paragraph --><!-- wp:paragraph --><\/p>\t\t\t\t\t\t\t\t<\/div>\n\t\t\t\t<\/div>\n\t\t\t\t\t<\/div>\n\t\t\t\t<\/div>\n\t\t\t\t<\/div>","protected":false},"excerpt":{"rendered":"<p>Cuando hablamos de Valencia, muchos piensan autom\u00e1ticamente en playas, paella, fallas y la Ciudad de las Artes y las Ciencias. Pero esta ciudad mediterr\u00e1nea esconde mucho m\u00e1s que postales tur\u00edsticas: est\u00e1 llena de historias reales, rincones inesperados y detalles que incluso muchos valencianos desconocen. Desde edificios que rompen r\u00e9cords hasta instituciones centenarias que siguen activas [&hellip;]<\/p>\n","protected":false},"author":1,"featured_media":729,"comment_status":"closed","ping_status":"closed","sticky":false,"template":"","format":"standard","meta":{"_acf_changed":false,"footnotes":""},"categories":[21,54,41],"tags":[29,53],"class_list":["post-573","post","type-post","status-publish","format-standard","has-post-thumbnail","hentry","category-consejos-vacaciones","category-que-hacer","category-que-ver","tag-datos","tag-valencia"],"acf":[],"yoast_head":"<!-- This site is optimized with the Yoast SEO plugin v27.5 - https:\/\/yoast.com\/product\/yoast-seo-wordpress\/ -->\n<title>10 datos sobre Valencia que (probablemente) no sab\u00edas<\/title>\n<meta name=\"description\" content=\"Descubre 10 datos sobre Valencia: historia, cultura, arquitectura, secretos y curiosidades reales que ni siquiera los lugare\u00f1os conocen.\" \/>\n<meta name=\"robots\" content=\"index, follow, max-snippet:-1, max-image-preview:large, max-video-preview:-1\" \/>\n<link rel=\"canonical\" href=\"https:\/\/www.valenciaandgo.com\/en\/10-facts-valencia\/\" \/>\n<meta property=\"og:locale\" content=\"en_GB\" \/>\n<meta property=\"og:type\" content=\"article\" \/>\n<meta property=\"og:title\" content=\"10 datos sobre Valencia que (probablemente) no sab\u00edas\" \/>\n<meta property=\"og:description\" content=\"Descubre 10 datos sobre Valencia: historia, cultura, arquitectura, secretos y curiosidades reales que ni siquiera los lugare\u00f1os conocen.\" \/>\n<meta property=\"og:url\" content=\"https:\/\/www.valenciaandgo.com\/en\/10-facts-valencia\/\" \/>\n<meta property=\"og:site_name\" content=\"Valencia&amp;Go\" \/>\n<meta property=\"article:publisher\" content=\"https:\/\/www.facebook.com\/valenciaandgo\/\" \/>\n<meta property=\"article:published_time\" content=\"2025-10-08T10:34:00+00:00\" \/>\n<meta property=\"article:modified_time\" content=\"2026-03-14T13:01:26+00:00\" \/>\n<meta property=\"og:image\" content=\"https:\/\/www.valenciaandgo.com\/wp-content\/uploads\/2025\/11\/img-blog-ideas-septiembre.webp\" \/>\n\t<meta property=\"og:image:width\" content=\"1170\" \/>\n\t<meta property=\"og:image:height\" content=\"783\" \/>\n\t<meta property=\"og:image:type\" content=\"image\/webp\" \/>\n<meta name=\"author\" content=\"Valencia &amp; Go\" \/>\n<meta name=\"twitter:card\" content=\"summary_large_image\" \/>\n<meta name=\"twitter:label1\" content=\"Written by\" \/>\n\t<meta name=\"twitter:data1\" content=\"Valencia &amp; Go\" \/>\n\t<meta name=\"twitter:label2\" content=\"Estimated reading time\" \/>\n\t<meta name=\"twitter:data2\" content=\"5 minutes\" \/>\n<script type=\"application\/ld+json\" class=\"yoast-schema-graph\">{\"@context\":\"https:\\\/\\\/schema.org\",\"@graph\":[{\"@type\":\"Article\",\"@id\":\"https:\\\/\\\/www.valenciaandgo.com\\\/10-datos-valencia\\\/#article\",\"isPartOf\":{\"@id\":\"https:\\\/\\\/www.valenciaandgo.com\\\/10-datos-valencia\\\/\"},\"author\":{\"name\":\"Valencia &amp; Go\",\"@id\":\"https:\\\/\\\/www.valenciaandgo.com\\\/it\\\/#\\\/schema\\\/person\\\/d6e9fc8911f61d877353aabcb0214213\"},\"headline\":\"10 curiosidades de Valencia que (probablemente) no sab\u00edas\",\"datePublished\":\"2025-10-08T10:34:00+00:00\",\"dateModified\":\"2026-03-14T13:01:26+00:00\",\"mainEntityOfPage\":{\"@id\":\"https:\\\/\\\/www.valenciaandgo.com\\\/10-datos-valencia\\\/\"},\"wordCount\":892,\"publisher\":{\"@id\":\"https:\\\/\\\/www.valenciaandgo.com\\\/it\\\/#organization\"},\"image\":{\"@id\":\"https:\\\/\\\/www.valenciaandgo.com\\\/10-datos-valencia\\\/#primaryimage\"},\"thumbnailUrl\":\"https:\\\/\\\/www.valenciaandgo.com\\\/wp-content\\\/uploads\\\/2025\\\/11\\\/img-blog-ideas-septiembre.webp\",\"keywords\":[\"datos\",\"Valencia\"],\"articleSection\":[\"Consejos para tus vacaciones\",\"Qu\u00e9 hacer\",\"Qu\u00e9 ver\"],\"inLanguage\":\"en-GB\"},{\"@type\":\"WebPage\",\"@id\":\"https:\\\/\\\/www.valenciaandgo.com\\\/10-datos-valencia\\\/\",\"url\":\"https:\\\/\\\/www.valenciaandgo.com\\\/10-datos-valencia\\\/\",\"name\":\"10 datos sobre Valencia que (probablemente) no sab\u00edas\",\"isPartOf\":{\"@id\":\"https:\\\/\\\/www.valenciaandgo.com\\\/it\\\/#website\"},\"primaryImageOfPage\":{\"@id\":\"https:\\\/\\\/www.valenciaandgo.com\\\/10-datos-valencia\\\/#primaryimage\"},\"image\":{\"@id\":\"https:\\\/\\\/www.valenciaandgo.com\\\/10-datos-valencia\\\/#primaryimage\"},\"thumbnailUrl\":\"https:\\\/\\\/www.valenciaandgo.com\\\/wp-content\\\/uploads\\\/2025\\\/11\\\/img-blog-ideas-septiembre.webp\",\"datePublished\":\"2025-10-08T10:34:00+00:00\",\"dateModified\":\"2026-03-14T13:01:26+00:00\",\"description\":\"Descubre 10 datos sobre Valencia: historia, cultura, arquitectura, secretos y curiosidades reales que ni siquiera los lugare\u00f1os conocen.\",\"breadcrumb\":{\"@id\":\"https:\\\/\\\/www.valenciaandgo.com\\\/10-datos-valencia\\\/#breadcrumb\"},\"inLanguage\":\"en-GB\",\"potentialAction\":[{\"@type\":\"ReadAction\",\"target\":[\"https:\\\/\\\/www.valenciaandgo.com\\\/10-datos-valencia\\\/\"]}]},{\"@type\":\"ImageObject\",\"inLanguage\":\"en-GB\",\"@id\":\"https:\\\/\\\/www.valenciaandgo.com\\\/10-datos-valencia\\\/#primaryimage\",\"url\":\"https:\\\/\\\/www.valenciaandgo.com\\\/wp-content\\\/uploads\\\/2025\\\/11\\\/img-blog-ideas-septiembre.webp\",\"contentUrl\":\"https:\\\/\\\/www.valenciaandgo.com\\\/wp-content\\\/uploads\\\/2025\\\/11\\\/img-blog-ideas-septiembre.webp\",\"width\":1170,\"height\":783},{\"@type\":\"BreadcrumbList\",\"@id\":\"https:\\\/\\\/www.valenciaandgo.com\\\/10-datos-valencia\\\/#breadcrumb\",\"itemListElement\":[{\"@type\":\"ListItem\",\"position\":1,\"name\":\"Portada\",\"item\":\"https:\\\/\\\/www.valenciaandgo.com\\\/\"},{\"@type\":\"ListItem\",\"position\":2,\"name\":\"10 curiosidades de Valencia que (probablemente) no sab\u00edas\"}]},{\"@type\":\"WebSite\",\"@id\":\"https:\\\/\\\/www.valenciaandgo.com\\\/it\\\/#website\",\"url\":\"https:\\\/\\\/www.valenciaandgo.com\\\/it\\\/\",\"name\":\"Valencia&Go\",\"description\":\"Tours por Valencia y alrededores de ciudad.\",\"publisher\":{\"@id\":\"https:\\\/\\\/www.valenciaandgo.com\\\/it\\\/#organization\"},\"potentialAction\":[{\"@type\":\"SearchAction\",\"target\":{\"@type\":\"EntryPoint\",\"urlTemplate\":\"https:\\\/\\\/www.valenciaandgo.com\\\/it\\\/?s={search_term_string}\"},\"query-input\":{\"@type\":\"PropertyValueSpecification\",\"valueRequired\":true,\"valueName\":\"search_term_string\"}}],\"inLanguage\":\"en-GB\"},{\"@type\":\"Organization\",\"@id\":\"https:\\\/\\\/www.valenciaandgo.com\\\/it\\\/#organization\",\"name\":\"Valencia&Go\",\"url\":\"https:\\\/\\\/www.valenciaandgo.com\\\/it\\\/\",\"logo\":{\"@type\":\"ImageObject\",\"inLanguage\":\"en-GB\",\"@id\":\"https:\\\/\\\/www.valenciaandgo.com\\\/it\\\/#\\\/schema\\\/logo\\\/image\\\/\",\"url\":\"https:\\\/\\\/www.valenciaandgo.com\\\/wp-content\\\/uploads\\\/2025\\\/10\\\/valencia_go-svg-blnc-iso-naranja.svg\",\"contentUrl\":\"https:\\\/\\\/www.valenciaandgo.com\\\/wp-content\\\/uploads\\\/2025\\\/10\\\/valencia_go-svg-blnc-iso-naranja.svg\",\"width\":434,\"height\":102,\"caption\":\"Valencia&Go\"},\"image\":{\"@id\":\"https:\\\/\\\/www.valenciaandgo.com\\\/it\\\/#\\\/schema\\\/logo\\\/image\\\/\"},\"sameAs\":[\"https:\\\/\\\/www.facebook.com\\\/valenciaandgo\\\/\",\"https:\\\/\\\/www.instagram.com\\\/valenciaandgo\",\"https:\\\/\\\/www.linkedin.com\\\/company\\\/valencia-go\\\/\",\"https:\\\/\\\/www.tiktok.com\\\/@valenciaandgo\"]},{\"@type\":\"Person\",\"@id\":\"https:\\\/\\\/www.valenciaandgo.com\\\/it\\\/#\\\/schema\\\/person\\\/d6e9fc8911f61d877353aabcb0214213\",\"name\":\"Valencia &amp; Go\",\"sameAs\":[\"https:\\\/\\\/valenciaandgo.com\"],\"url\":\"https:\\\/\\\/www.valenciaandgo.com\\\/en\\\/author\\\/valencia\\\/\"}]}<\/script>\n<!-- \/ Yoast SEO plugin. -->","yoast_head_json":{"title":"10 facts about Valencia that you (probably) didn't know","description":"Discover 10 facts about Valencia: history, culture, architecture, secrets and real curiosities that not even the locals know.","robots":{"index":"index","follow":"follow","max-snippet":"max-snippet:-1","max-image-preview":"max-image-preview:large","max-video-preview":"max-video-preview:-1"},"canonical":"https:\/\/www.valenciaandgo.com\/en\/10-facts-valencia\/","og_locale":"en_GB","og_type":"article","og_title":"10 datos sobre Valencia que (probablemente) no sab\u00edas","og_description":"Descubre 10 datos sobre Valencia: historia, cultura, arquitectura, secretos y curiosidades reales que ni siquiera los lugare\u00f1os conocen.","og_url":"https:\/\/www.valenciaandgo.com\/en\/10-facts-valencia\/","og_site_name":"Valencia&amp;Go","article_publisher":"https:\/\/www.facebook.com\/valenciaandgo\/","article_published_time":"2025-10-08T10:34:00+00:00","article_modified_time":"2026-03-14T13:01:26+00:00","og_image":[{"width":1170,"height":783,"url":"https:\/\/www.valenciaandgo.com\/wp-content\/uploads\/2025\/11\/img-blog-ideas-septiembre.webp","type":"image\/webp"}],"author":"Valencia &amp; Go","twitter_card":"summary_large_image","twitter_misc":{"Written by":"Valencia &amp; Go","Estimated reading time":"5 minutes"},"schema":{"@context":"https:\/\/schema.org","@graph":[{"@type":"Article","@id":"https:\/\/www.valenciaandgo.com\/10-datos-valencia\/#article","isPartOf":{"@id":"https:\/\/www.valenciaandgo.com\/10-datos-valencia\/"},"author":{"name":"Valencia &amp; Go","@id":"https:\/\/www.valenciaandgo.com\/it\/#\/schema\/person\/d6e9fc8911f61d877353aabcb0214213"},"headline":"10 curiosidades de Valencia que (probablemente) no sab\u00edas","datePublished":"2025-10-08T10:34:00+00:00","dateModified":"2026-03-14T13:01:26+00:00","mainEntityOfPage":{"@id":"https:\/\/www.valenciaandgo.com\/10-datos-valencia\/"},"wordCount":892,"publisher":{"@id":"https:\/\/www.valenciaandgo.com\/it\/#organization"},"image":{"@id":"https:\/\/www.valenciaandgo.com\/10-datos-valencia\/#primaryimage"},"thumbnailUrl":"https:\/\/www.valenciaandgo.com\/wp-content\/uploads\/2025\/11\/img-blog-ideas-septiembre.webp","keywords":["datos","Valencia"],"articleSection":["Consejos para tus vacaciones","Qu\u00e9 hacer","Qu\u00e9 ver"],"inLanguage":"en-GB"},{"@type":"WebPage","@id":"https:\/\/www.valenciaandgo.com\/10-datos-valencia\/","url":"https:\/\/www.valenciaandgo.com\/10-datos-valencia\/","name":"10 facts about Valencia that you (probably) didn't know","isPartOf":{"@id":"https:\/\/www.valenciaandgo.com\/it\/#website"},"primaryImageOfPage":{"@id":"https:\/\/www.valenciaandgo.com\/10-datos-valencia\/#primaryimage"},"image":{"@id":"https:\/\/www.valenciaandgo.com\/10-datos-valencia\/#primaryimage"},"thumbnailUrl":"https:\/\/www.valenciaandgo.com\/wp-content\/uploads\/2025\/11\/img-blog-ideas-septiembre.webp","datePublished":"2025-10-08T10:34:00+00:00","dateModified":"2026-03-14T13:01:26+00:00","description":"Discover 10 facts about Valencia: history, culture, architecture, secrets and real curiosities that not even the locals know.","breadcrumb":{"@id":"https:\/\/www.valenciaandgo.com\/10-datos-valencia\/#breadcrumb"},"inLanguage":"en-GB","potentialAction":[{"@type":"ReadAction","target":["https:\/\/www.valenciaandgo.com\/10-datos-valencia\/"]}]},{"@type":"ImageObject","inLanguage":"en-GB","@id":"https:\/\/www.valenciaandgo.com\/10-datos-valencia\/#primaryimage","url":"https:\/\/www.valenciaandgo.com\/wp-content\/uploads\/2025\/11\/img-blog-ideas-septiembre.webp","contentUrl":"https:\/\/www.valenciaandgo.com\/wp-content\/uploads\/2025\/11\/img-blog-ideas-septiembre.webp","width":1170,"height":783},{"@type":"BreadcrumbList","@id":"https:\/\/www.valenciaandgo.com\/10-datos-valencia\/#breadcrumb","itemListElement":[{"@type":"ListItem","position":1,"name":"Portada","item":"https:\/\/www.valenciaandgo.com\/"},{"@type":"ListItem","position":2,"name":"10 curiosidades de Valencia que (probablemente) no sab\u00edas"}]},{"@type":"WebSite","@id":"https:\/\/www.valenciaandgo.com\/it\/#website","url":"https:\/\/www.valenciaandgo.com\/it\/","name":"Valencia&amp;Go","description":"Tours of Valencia and the surrounding area.","publisher":{"@id":"https:\/\/www.valenciaandgo.com\/it\/#organization"},"potentialAction":[{"@type":"SearchAction","target":{"@type":"EntryPoint","urlTemplate":"https:\/\/www.valenciaandgo.com\/it\/?s={search_term_string}"},"query-input":{"@type":"PropertyValueSpecification","valueRequired":true,"valueName":"search_term_string"}}],"inLanguage":"en-GB"},{"@type":"Organization","@id":"https:\/\/www.valenciaandgo.com\/it\/#organization","name":"Valencia&amp;Go","url":"https:\/\/www.valenciaandgo.com\/it\/","logo":{"@type":"ImageObject","inLanguage":"en-GB","@id":"https:\/\/www.valenciaandgo.com\/it\/#\/schema\/logo\/image\/","url":"https:\/\/www.valenciaandgo.com\/wp-content\/uploads\/2025\/10\/valencia_go-svg-blnc-iso-naranja.svg","contentUrl":"https:\/\/www.valenciaandgo.com\/wp-content\/uploads\/2025\/10\/valencia_go-svg-blnc-iso-naranja.svg","width":434,"height":102,"caption":"Valencia&Go"},"image":{"@id":"https:\/\/www.valenciaandgo.com\/it\/#\/schema\/logo\/image\/"},"sameAs":["https:\/\/www.facebook.com\/valenciaandgo\/","https:\/\/www.instagram.com\/valenciaandgo","https:\/\/www.linkedin.com\/company\/valencia-go\/","https:\/\/www.tiktok.com\/@valenciaandgo"]},{"@type":"Person","@id":"https:\/\/www.valenciaandgo.com\/it\/#\/schema\/person\/d6e9fc8911f61d877353aabcb0214213","name":"Valencia &amp; Go","sameAs":["https:\/\/valenciaandgo.com"],"url":"https:\/\/www.valenciaandgo.com\/en\/author\/valencia\/"}]}},"_links":{"self":[{"href":"https:\/\/www.valenciaandgo.com\/en\/wp-json\/wp\/v2\/posts\/573","targetHints":{"allow":["GET"]}}],"collection":[{"href":"https:\/\/www.valenciaandgo.com\/en\/wp-json\/wp\/v2\/posts"}],"about":[{"href":"https:\/\/www.valenciaandgo.com\/en\/wp-json\/wp\/v2\/types\/post"}],"author":[{"embeddable":true,"href":"https:\/\/www.valenciaandgo.com\/en\/wp-json\/wp\/v2\/users\/1"}],"replies":[{"embeddable":true,"href":"https:\/\/www.valenciaandgo.com\/en\/wp-json\/wp\/v2\/comments?post=573"}],"version-history":[{"count":0,"href":"https:\/\/www.valenciaandgo.com\/en\/wp-json\/wp\/v2\/posts\/573\/revisions"}],"wp:featuredmedia":[{"embeddable":true,"href":"https:\/\/www.valenciaandgo.com\/en\/wp-json\/wp\/v2\/media\/729"}],"wp:attachment":[{"href":"https:\/\/www.valenciaandgo.com\/en\/wp-json\/wp\/v2\/media?parent=573"}],"wp:term":[{"taxonomy":"category","embeddable":true,"href":"https:\/\/www.valenciaandgo.com\/en\/wp-json\/wp\/v2\/categories?post=573"},{"taxonomy":"post_tag","embeddable":true,"href":"https:\/\/www.valenciaandgo.com\/en\/wp-json\/wp\/v2\/tags?post=573"}],"curies":[{"name":"wp","href":"https:\/\/api.w.org\/{rel}","templated":true}]}}