{"id":76,"count":2,"description":"","link":"https:\/\/www.valenciaandgo.com\/fr\/vehiculos\/","name":"V\u00e9hicules","slug":"vehicules","taxonomy":"product_cat","parent":0,"meta":[],"menu_order":6,"acf":[],"yoast_head":"<!-- This site is optimized with the Yoast SEO plugin v28.1 - https:\/\/yoast.com\/product\/yoast-seo-wordpress\/ -->\n<title>Alquiler de lancha y yate privado en Valencia | Valencia&amp;Go<\/title>\n<meta name=\"description\" content=\"Navega por la costa de Valencia en lancha o yate privado con patr\u00f3n. Salidas desde el puerto, grupos reducidos y atardeceres en el Mediterr\u00e1neo.\" \/>\n<meta name=\"robots\" content=\"index, follow, max-snippet:-1, max-image-preview:large, max-video-preview:-1\" \/>\n<link rel=\"canonical\" href=\"https:\/\/www.valenciaandgo.com\/fr\/vehicules\/\" \/>\n<meta property=\"og:locale\" content=\"fr_FR\" \/>\n<meta property=\"og:type\" content=\"article\" \/>\n<meta property=\"og:title\" content=\"Alquiler de lancha y yate privado en Valencia | Valencia&amp;Go\" \/>\n<meta property=\"og:description\" content=\"Navega por la costa de Valencia en lancha o yate privado con patr\u00f3n. Salidas desde el puerto, grupos reducidos y atardeceres en el Mediterr\u00e1neo.\" \/>\n<meta property=\"og:url\" content=\"https:\/\/www.valenciaandgo.com\/fr\/vehicules\/\" \/>\n<meta property=\"og:site_name\" content=\"Valencia&amp;Go\" \/>\n<meta property=\"og:image\" content=\"https:\/\/www.valenciaandgo.com\/wp-content\/uploads\/2026\/07\/valencia-and-go-tours-excursiones-valencia.jpg\" \/>\n\t<meta property=\"og:image:width\" content=\"1200\" \/>\n\t<meta property=\"og:image:height\" content=\"630\" \/>\n\t<meta property=\"og:image:type\" content=\"image\/jpeg\" \/>\n<meta name=\"twitter:card\" content=\"summary_large_image\" \/>\n<script type=\"application\/ld+json\" class=\"yoast-schema-graph\">{\"@context\":\"https:\\\/\\\/schema.org\",\"@graph\":[{\"@type\":\"CollectionPage\",\"@id\":\"https:\\\/\\\/www.valenciaandgo.com\\\/vehiculos\\\/\",\"url\":\"https:\\\/\\\/www.valenciaandgo.com\\\/vehiculos\\\/\",\"name\":\"Alquiler de lancha y yate privado en Valencia | Valencia&Go\",\"isPartOf\":{\"@id\":\"https:\\\/\\\/www.valenciaandgo.com\\\/en\\\/#website\"},\"description\":\"Navega por la costa de Valencia en lancha o yate privado con patr\u00f3n. Salidas desde el puerto, grupos reducidos y atardeceres en el Mediterr\u00e1neo.\",\"breadcrumb\":{\"@id\":\"https:\\\/\\\/www.valenciaandgo.com\\\/vehiculos\\\/#breadcrumb\"},\"inLanguage\":\"fr-FR\"},{\"@type\":\"BreadcrumbList\",\"@id\":\"https:\\\/\\\/www.valenciaandgo.com\\\/vehiculos\\\/#breadcrumb\",\"itemListElement\":[{\"@type\":\"ListItem\",\"position\":1,\"name\":\"Portada\",\"item\":\"https:\\\/\\\/www.valenciaandgo.com\\\/\"},{\"@type\":\"ListItem\",\"position\":2,\"name\":\"Veh\u00edculos\"}]},{\"@type\":\"WebSite\",\"@id\":\"https:\\\/\\\/www.valenciaandgo.com\\\/en\\\/#website\",\"url\":\"https:\\\/\\\/www.valenciaandgo.com\\\/en\\\/\",\"name\":\"Valencia&Go\",\"description\":\"Tours por Valencia y alrededores de ciudad.\",\"publisher\":{\"@id\":\"https:\\\/\\\/www.valenciaandgo.com\\\/en\\\/#organization\"},\"potentialAction\":[{\"@type\":\"SearchAction\",\"target\":{\"@type\":\"EntryPoint\",\"urlTemplate\":\"https:\\\/\\\/www.valenciaandgo.com\\\/en\\\/?s={search_term_string}\"},\"query-input\":{\"@type\":\"PropertyValueSpecification\",\"valueRequired\":true,\"valueName\":\"search_term_string\"}}],\"inLanguage\":\"fr-FR\"},{\"@type\":\"Organization\",\"@id\":\"https:\\\/\\\/www.valenciaandgo.com\\\/en\\\/#organization\",\"name\":\"Valencia&Go\",\"url\":\"https:\\\/\\\/www.valenciaandgo.com\\\/en\\\/\",\"logo\":{\"@type\":\"ImageObject\",\"inLanguage\":\"fr-FR\",\"@id\":\"https:\\\/\\\/www.valenciaandgo.com\\\/en\\\/#\\\/schema\\\/logo\\\/image\\\/\",\"url\":\"https:\\\/\\\/www.valenciaandgo.com\\\/wp-content\\\/uploads\\\/2026\\\/04\\\/logo-valenciaandgo-azul.png\",\"contentUrl\":\"https:\\\/\\\/www.valenciaandgo.com\\\/wp-content\\\/uploads\\\/2026\\\/04\\\/logo-valenciaandgo-azul.png\",\"width\":254,\"height\":60,\"caption\":\"Valencia&Go\"},\"image\":{\"@id\":\"https:\\\/\\\/www.valenciaandgo.com\\\/en\\\/#\\\/schema\\\/logo\\\/image\\\/\"},\"sameAs\":[\"https:\\\/\\\/www.facebook.com\\\/valenciaandgo\\\/\",\"https:\\\/\\\/www.instagram.com\\\/valenciaandgo\",\"https:\\\/\\\/www.linkedin.com\\\/company\\\/valencia-go\\\/\",\"https:\\\/\\\/www.tiktok.com\\\/@valenciaandgo\"]}]}<\/script>\n<!-- \/ Yoast SEO plugin. -->","yoast_head_json":{"title":"Location de bateaux \u00e0 moteur et de yachts priv\u00e9s \u00e0 Valence | Valencia&amp;Go","description":"Naviguez le long de la c\u00f4te de Valence \u00e0 bord d'un bateau \u00e0 moteur ou d'un yacht priv\u00e9 avec skipper. D\u00e9parts depuis le port, groupes restreints et couchers de soleil sur la M\u00e9diterran\u00e9e.","robots":{"index":"index","follow":"follow","max-snippet":"max-snippet:-1","max-image-preview":"max-image-preview:large","max-video-preview":"max-video-preview:-1"},"canonical":"https:\/\/www.valenciaandgo.com\/fr\/vehicules\/","og_locale":"fr_FR","og_type":"article","og_title":"Alquiler de lancha y yate privado en Valencia | Valencia&Go","og_description":"Navega por la costa de Valencia en lancha o yate privado con patr\u00f3n. Salidas desde el puerto, grupos reducidos y atardeceres en el Mediterr\u00e1neo.","og_url":"https:\/\/www.valenciaandgo.com\/fr\/vehicules\/","og_site_name":"Valencia&amp;Go","og_image":[{"width":1200,"height":630,"url":"https:\/\/www.valenciaandgo.com\/wp-content\/uploads\/2026\/07\/valencia-and-go-tours-excursiones-valencia.jpg","type":"image\/jpeg"}],"twitter_card":"summary_large_image","schema":{"@context":"https:\/\/schema.org","@graph":[{"@type":"CollectionPage","@id":"https:\/\/www.valenciaandgo.com\/vehiculos\/","url":"https:\/\/www.valenciaandgo.com\/vehiculos\/","name":"Location de bateaux \u00e0 moteur et de yachts priv\u00e9s \u00e0 Valence | Valencia&amp;Go","isPartOf":{"@id":"https:\/\/www.valenciaandgo.com\/en\/#website"},"description":"Naviguez le long de la c\u00f4te de Valence \u00e0 bord d'un bateau \u00e0 moteur ou d'un yacht priv\u00e9 avec skipper. D\u00e9parts depuis le port, groupes restreints et couchers de soleil sur la M\u00e9diterran\u00e9e.","breadcrumb":{"@id":"https:\/\/www.valenciaandgo.com\/vehiculos\/#breadcrumb"},"inLanguage":"fr-FR"},{"@type":"BreadcrumbList","@id":"https:\/\/www.valenciaandgo.com\/vehiculos\/#breadcrumb","itemListElement":[{"@type":"ListItem","position":1,"name":"Portada","item":"https:\/\/www.valenciaandgo.com\/"},{"@type":"ListItem","position":2,"name":"Veh\u00edculos"}]},{"@type":"WebSite","@id":"https:\/\/www.valenciaandgo.com\/en\/#website","url":"https:\/\/www.valenciaandgo.com\/en\/","name":"Valencia&amp;Go","description":"Visites de Valence et de ses environs.","publisher":{"@id":"https:\/\/www.valenciaandgo.com\/en\/#organization"},"potentialAction":[{"@type":"SearchAction","target":{"@type":"EntryPoint","urlTemplate":"https:\/\/www.valenciaandgo.com\/en\/?s={search_term_string}"},"query-input":{"@type":"PropertyValueSpecification","valueRequired":true,"valueName":"search_term_string"}}],"inLanguage":"fr-FR"},{"@type":"Organization","@id":"https:\/\/www.valenciaandgo.com\/en\/#organization","name":"Valencia&amp;Go","url":"https:\/\/www.valenciaandgo.com\/en\/","logo":{"@type":"ImageObject","inLanguage":"fr-FR","@id":"https:\/\/www.valenciaandgo.com\/en\/#\/schema\/logo\/image\/","url":"https:\/\/www.valenciaandgo.com\/wp-content\/uploads\/2026\/04\/logo-valenciaandgo-azul.png","contentUrl":"https:\/\/www.valenciaandgo.com\/wp-content\/uploads\/2026\/04\/logo-valenciaandgo-azul.png","width":254,"height":60,"caption":"Valencia&Go"},"image":{"@id":"https:\/\/www.valenciaandgo.com\/en\/#\/schema\/logo\/image\/"},"sameAs":["https:\/\/www.facebook.com\/valenciaandgo\/","https:\/\/www.instagram.com\/valenciaandgo","https:\/\/www.linkedin.com\/company\/valencia-go\/","https:\/\/www.tiktok.com\/@valenciaandgo"]}]}},"_links":{"self":[{"href":"https:\/\/www.valenciaandgo.com\/fr\/wp-json\/wp\/v2\/product_cat\/76","targetHints":{"allow":["GET"]}}],"collection":[{"href":"https:\/\/www.valenciaandgo.com\/fr\/wp-json\/wp\/v2\/product_cat"}],"about":[{"href":"https:\/\/www.valenciaandgo.com\/fr\/wp-json\/wp\/v2\/taxonomies\/product_cat"}],"wp:post_type":[{"href":"https:\/\/www.valenciaandgo.com\/fr\/wp-json\/wp\/v2\/product?product_cat=76"}],"curies":[{"name":"wp","href":"https:\/\/api.w.org\/{rel}","templated":true}]}}