{"id":551,"date":"2025-02-14T13:33:00","date_gmt":"2025-02-14T13:33:00","guid":{"rendered":"https:\/\/new.valenciaandgo.com\/?p=551"},"modified":"2026-03-14T13:01:26","modified_gmt":"2026-03-14T13:01:26","slug":"guida-completa-fallas-valencia-2026","status":"publish","type":"post","link":"https:\/\/www.valenciaandgo.com\/it\/fallas-valencia-2026-guia-completa\/","title":{"rendered":"Guida completa alle Fallas di Valencia 2026: storia, tradizioni e programmi indispensabili"},"content":{"rendered":"<div data-elementor-type=\"wp-post\" data-elementor-id=\"551\" class=\"elementor elementor-551\" data-elementor-post-type=\"post\">\n\t\t\t\t<div class=\"elementor-element elementor-element-63e642c0 e-flex e-con-boxed e-con e-parent\" data-id=\"63e642c0\" data-element_type=\"container\" data-e-type=\"container\">\n\t\t\t\t\t<div class=\"e-con-inner\">\n\t\t<div class=\"elementor-element elementor-element-9bfd9c5 e-con-full e-flex e-con e-child\" data-id=\"9bfd9c5\" data-element_type=\"container\" data-e-type=\"container\">\n\t\t\t\t<div class=\"elementor-element elementor-element-33bb3662 elementor-widget elementor-widget-text-editor\" data-id=\"33bb3662\" data-element_type=\"widget\" data-e-type=\"widget\" data-widget_type=\"text-editor.default\">\n\t\t\t\t\t\t\t\t\t\n<p style=\"text-align: left;\">Il <strong>Fallas di Valencia<\/strong> sono una delle feste pi\u00f9 spettacolari del mondo, dichiarata una <strong>Patrimonio culturale immateriale dell'umanit\u00e0<\/strong> dall'UNESCO. Ogni marzo la citt\u00e0 si riempie di arte, polvere da sparo, musica e fuoco in una celebrazione che attira migliaia di visitatori. Se volete scoprire tutto sulla <strong>Fallimenti 2026<\/strong>, continuate a leggere perch\u00e9 qui vi raccontiamo <strong>la sua storia, le sue tradizioni, il programma ufficiale e i piani essenziali per viverli al meglio.<\/strong>.<\/p>\n<p><\/p>\n<figure class=\"wp-block-image aligncenter is-resized\"><img decoding=\"async\" class=\"wp-image-11551 aligncenter\" style=\"width: 627px; height: auto;\" src=\"https:\/\/valenciaandgo.com\/wp-content\/uploads\/2025\/02\/mascleta-614131_1280.jpg\" alt=\"\" \/><\/figure>\n<p><\/p>\n<h2 class=\"wp-block-heading\">\u00a0<\/h2>\n\t\t\t\t\t\t\t\t<\/div>\n\t\t\t\t<\/div>\n\t\t<div class=\"elementor-element elementor-element-4621c496 e-con-full e-flex e-con e-child\" data-id=\"4621c496\" data-element_type=\"container\" data-e-type=\"container\">\n\t\t<div class=\"elementor-element elementor-element-5935d58c e-con-full e-flex e-con e-child\" data-id=\"5935d58c\" data-element_type=\"container\" data-e-type=\"container\">\n\t\t\t\t<div class=\"elementor-element elementor-element-5ec2351e elementor-widget elementor-widget-heading\" data-id=\"5ec2351e\" data-element_type=\"widget\" data-e-type=\"widget\" data-widget_type=\"heading.default\">\n\t\t\t\t\t<h2 class=\"elementor-heading-title elementor-size-default\">Storia delle Fallas: come \u00e8 nato questo festival?<\/h2>\t\t\t\t<\/div>\n\t\t\t\t<\/div>\n\t\t<div class=\"elementor-element elementor-element-55a78190 e-con-full e-flex e-con e-child\" data-id=\"55a78190\" data-element_type=\"container\" data-e-type=\"container\">\n\t\t\t\t<div class=\"elementor-element elementor-element-5ae64328 elementor-widget elementor-widget-text-editor\" data-id=\"5ae64328\" data-element_type=\"widget\" data-e-type=\"widget\" data-widget_type=\"text-editor.default\">\n\t\t\t\t\t\t\t\t\t<p>Le Fallas affondano le loro radici in un'antica tradizione dei falegnami valenciani che, all'arrivo della primavera, bruciavano strutture di legno chiamate \u00abparots\u00bb per celebrare la fine dell'inverno. Con il tempo, questi \u00abparots\u00bb si sono evoluti nelle figure monumentali che conosciamo oggi, note come \u00abfallas\u00bb.<\/p>\n<p><!-- \/wp:paragraph --><!-- wp:paragraph --><\/p>\n<p>Ogni faglia \u00e8 costituita da una struttura principale, il <strong>ninot<\/strong>, accompagnate da varie scene satiriche che criticano l'attualit\u00e0. La creativit\u00e0 e l'umorismo sono essenziali in queste opere d'arte effimere, che culminano con il loro incendio la notte di <strong>il Crem\u00e0<\/strong>, il 19 marzo.<\/p>\n<p><!-- \/wp:paragraph --><!-- wp:separator --><\/p>\t\t\t\t\t\t\t\t<\/div>\n\t\t\t\t<\/div>\n\t\t\t\t<\/div>\n\t\t<div class=\"elementor-element elementor-element-47604e2 e-con-full e-flex e-con e-child\" data-id=\"47604e2\" data-element_type=\"container\" data-e-type=\"container\">\n\t\t<div class=\"elementor-element elementor-element-b1d746b e-con-full e-flex e-con e-child\" data-id=\"b1d746b\" data-element_type=\"container\" data-e-type=\"container\">\n\t\t\t\t<div class=\"elementor-element elementor-element-245043a elementor-widget elementor-widget-heading\" data-id=\"245043a\" data-element_type=\"widget\" data-e-type=\"widget\" data-widget_type=\"heading.default\">\n\t\t\t\t\t<h2 class=\"elementor-heading-title elementor-size-default\">Tradizioni Fallas: Eventi chiave da non perdere<\/h2>\t\t\t\t<\/div>\n\t\t\t\t<\/div>\n\t\t<div class=\"elementor-element elementor-element-525f458 e-con-full e-flex e-con e-child\" data-id=\"525f458\" data-element_type=\"container\" data-e-type=\"container\">\n\t\t\t\t<div class=\"elementor-element elementor-element-941621c elementor-widget elementor-widget-text-editor\" data-id=\"941621c\" data-element_type=\"widget\" data-e-type=\"widget\" data-widget_type=\"text-editor.default\">\n\t\t\t\t\t\t\t\t\t<p>Se \u00e8 la prima volta che vi recate nelle Fallas, ci sono alcune <strong>tradizioni essenziali<\/strong> dovresti saperlo:<\/p>\t\t\t\t\t\t\t\t<\/div>\n\t\t\t\t<\/div>\n\t\t\t\t<\/div>\n\t\t<div class=\"elementor-element elementor-element-1de7e20 e-con-full e-flex e-con e-child\" data-id=\"1de7e20\" data-element_type=\"container\" data-e-type=\"container\">\n\t\t<div class=\"elementor-element elementor-element-9ac0128 e-con-full e-flex e-con e-child\" data-id=\"9ac0128\" data-element_type=\"container\" data-e-type=\"container\">\n\t\t\t\t<div class=\"elementor-element elementor-element-3466e36 elementor-widget elementor-widget-heading\" data-id=\"3466e36\" data-element_type=\"widget\" data-e-type=\"widget\" data-widget_type=\"heading.default\">\n\t\t\t\t\t<h2 class=\"elementor-heading-title elementor-size-default\">1. La Plant\u00e0 <br>(15 marzo)<\/h2>\t\t\t\t<\/div>\n\t\t\t\t<\/div>\n\t\t<div class=\"elementor-element elementor-element-6c63758 e-con-full e-flex e-con e-child\" data-id=\"6c63758\" data-element_type=\"container\" data-e-type=\"container\">\n\t\t\t\t<div class=\"elementor-element elementor-element-93efe99 elementor-widget elementor-widget-text-editor\" data-id=\"93efe99\" data-element_type=\"widget\" data-e-type=\"widget\" data-widget_type=\"text-editor.default\">\n\t\t\t\t\t\t\t\t\t<p>Dal 15 marzo in poi, i falleros lavorano tutta la notte per allestire i monumenti falla nelle strade di Valencia. \u00c8 impressionante vedere come, nel giro di poche ore, la citt\u00e0 si riempia di enormi sculture artistiche pronte per la competizione.<\/p>\t\t\t\t\t\t\t\t<\/div>\n\t\t\t\t<\/div>\n\t\t\t\t<\/div>\n\t\t<div class=\"elementor-element elementor-element-5990df7 e-con-full e-flex e-con e-child\" data-id=\"5990df7\" data-element_type=\"container\" data-e-type=\"container\">\n\t\t<div class=\"elementor-element elementor-element-9a52c45 e-con-full e-flex e-con e-child\" data-id=\"9a52c45\" data-element_type=\"container\" data-e-type=\"container\">\n\t\t\t\t<div class=\"elementor-element elementor-element-441d910 elementor-widget elementor-widget-heading\" data-id=\"441d910\" data-element_type=\"widget\" data-e-type=\"widget\" data-widget_type=\"heading.default\">\n\t\t\t\t\t<h2 class=\"elementor-heading-title elementor-size-default\">2. La Masclet\u00e0 <br>(dall'1 al 19 marzo)<\/h2>\t\t\t\t<\/div>\n\t\t\t\t<\/div>\n\t\t<div class=\"elementor-element elementor-element-848e84b e-con-full e-flex e-con e-child\" data-id=\"848e84b\" data-element_type=\"container\" data-e-type=\"container\">\n\t\t\t\t<div class=\"elementor-element elementor-element-aa8744d elementor-widget elementor-widget-text-editor\" data-id=\"aa8744d\" data-element_type=\"widget\" data-e-type=\"widget\" data-widget_type=\"text-editor.default\">\n\t\t\t\t\t\t\t\t\t<p>Ogni giorno a <strong>14:00<\/strong>, La Plaza del Ayuntamiento si riempie del fragore della <strong>Masclet\u00e0<\/strong>, uno spettacolo di polvere da sparo in cui il potere del suono \u00e8 protagonista. <strong>Preparatevi a sentire le vibrazioni nel petto!<\/strong><\/p>\t\t\t\t\t\t\t\t<\/div>\n\t\t\t\t<\/div>\n\t\t\t\t<\/div>\n\t\t<div class=\"elementor-element elementor-element-e551773 e-con-full e-flex e-con e-child\" data-id=\"e551773\" data-element_type=\"container\" data-e-type=\"container\">\n\t\t<div class=\"elementor-element elementor-element-47db46e e-con-full e-flex e-con e-child\" data-id=\"47db46e\" data-element_type=\"container\" data-e-type=\"container\">\n\t\t\t\t<div class=\"elementor-element elementor-element-aad64e1 elementor-widget elementor-widget-heading\" data-id=\"aad64e1\" data-element_type=\"widget\" data-e-type=\"widget\" data-widget_type=\"heading.default\">\n\t\t\t\t\t<h2 class=\"elementor-heading-title elementor-size-default\">3. L'offerta di fiori alla Vergine dei Desamparados <br>(17 e 18 marzo)<\/h2>\t\t\t\t<\/div>\n\t\t\t\t<\/div>\n\t\t<div class=\"elementor-element elementor-element-00c447d e-con-full e-flex e-con e-child\" data-id=\"00c447d\" data-element_type=\"container\" data-e-type=\"container\">\n\t\t\t\t<div class=\"elementor-element elementor-element-7b3bb3a elementor-widget elementor-widget-text-editor\" data-id=\"7b3bb3a\" data-element_type=\"widget\" data-e-type=\"widget\" data-widget_type=\"text-editor.default\">\n\t\t\t\t\t\t\t\t\t<p>Migliaia di falleros e falleras sfilano in Plaza de la Virgen per offrire fiori alla patrona di Valencia. Con le donazioni floreali si forma un gigantesco manto sull'immagine della Vergine. <strong>Un evento emozionante e molto visivo.<\/strong><\/p>\n<p><!-- \/wp:paragraph --><!-- wp:image {\"id\":7300,\"width\":\"625px\",\"height\":\"auto\",\"align\":\"center\"} --><\/p>\n<p><!-- \/wp:image --><!-- wp:heading {\"level\":3} --><\/p>\n<h3 class=\"wp-block-heading\"><img fetchpriority=\"high\" decoding=\"async\" class=\"alignnone size-full wp-image-5646\" src=\"https:\/\/valenciaandgo.com\/wp-content\/uploads\/tours-excursiones\/15-tour-fallas\/tour-fallas.webp\" alt=\"\" width=\"920\" height=\"688\" \/><\/h3>\t\t\t\t\t\t\t\t<\/div>\n\t\t\t\t<\/div>\n\t\t\t\t<\/div>\n\t\t<div class=\"elementor-element elementor-element-45728f2 e-con-full e-flex e-con e-child\" data-id=\"45728f2\" data-element_type=\"container\" data-e-type=\"container\">\n\t\t<div class=\"elementor-element elementor-element-7486ff4 e-con-full e-flex e-con e-child\" data-id=\"7486ff4\" data-element_type=\"container\" data-e-type=\"container\">\n\t\t\t\t<div class=\"elementor-element elementor-element-fdf0079 elementor-widget elementor-widget-heading\" data-id=\"fdf0079\" data-element_type=\"widget\" data-e-type=\"widget\" data-widget_type=\"heading.default\">\n\t\t\t\t\t<h2 class=\"elementor-heading-title elementor-size-default\">4. Il Crem\u00e0  <br>(19 marzo)<\/h2>\t\t\t\t<\/div>\n\t\t\t\t<\/div>\n\t\t<div class=\"elementor-element elementor-element-0602cb1 e-con-full e-flex e-con e-child\" data-id=\"0602cb1\" data-element_type=\"container\" data-e-type=\"container\">\n\t\t\t\t<div class=\"elementor-element elementor-element-18372fc elementor-widget elementor-widget-text-editor\" data-id=\"18372fc\" data-element_type=\"widget\" data-e-type=\"widget\" data-widget_type=\"text-editor.default\">\n\t\t\t\t\t\t\t\t\t<p>L'ultimo giorno delle Fallas, i monumenti bruciano in enormi fal\u00f2. Alle 22:00 vengono bruciate le fallas dei bambini e a mezzanotte \u00e8 il turno delle grandi fallas. Il fuoco simboleggia il rinnovamento e la fine della festa.<\/p>\n<p><!-- \/wp:paragraph --><!-- wp:image {\"id\":11548,\"width\":\"790px\",\"height\":\"auto\",\"align\":\"center\"} --><\/p>\t\t\t\t\t\t\t\t<\/div>\n\t\t\t\t<\/div>\n\t\t\t\t<\/div>\n\t\t<div class=\"elementor-element elementor-element-8097ad1 e-con-full e-flex e-con e-child\" data-id=\"8097ad1\" data-element_type=\"container\" data-e-type=\"container\">\n\t\t<div class=\"elementor-element elementor-element-d2cf3fc e-con-full e-flex e-con e-child\" data-id=\"d2cf3fc\" data-element_type=\"container\" data-e-type=\"container\">\n\t\t\t\t<div class=\"elementor-element elementor-element-2b5206f elementor-widget elementor-widget-heading\" data-id=\"2b5206f\" data-element_type=\"widget\" data-e-type=\"widget\" data-widget_type=\"heading.default\">\n\t\t\t\t\t<h2 class=\"elementor-heading-title elementor-size-default\">5. Atmosfera di Fallas: <br>Tutto il giorno in strada<\/h2>\t\t\t\t<\/div>\n\t\t\t\t<\/div>\n\t\t<div class=\"elementor-element elementor-element-807d58f e-con-full e-flex e-con e-child\" data-id=\"807d58f\" data-element_type=\"container\" data-e-type=\"container\">\n\t\t\t\t<div class=\"elementor-element elementor-element-28292d0 elementor-widget elementor-widget-text-editor\" data-id=\"28292d0\" data-element_type=\"widget\" data-e-type=\"widget\" data-widget_type=\"text-editor.default\">\n\t\t\t\t\t\t\t\t\t<p>Durante le Fallas, la citt\u00e0 si anima dalle prime ore del mattino fino alle prime ore del mattino. Le strade si riempiono di musica, sfilate, fuochi d'artificio e, di notte, <strong>verbenas<\/strong> y <strong>Tendoni Fallas<\/strong> dove la festa continua fino all'alba.<\/p>\t\t\t\t\t\t\t\t<\/div>\n\t\t\t\t<\/div>\n\t\t\t\t<\/div>\n\t\t<div class=\"elementor-element elementor-element-d114721 e-con-full e-flex e-con e-child\" data-id=\"d114721\" data-element_type=\"container\" data-e-type=\"container\">\n\t\t<div class=\"elementor-element elementor-element-96be516 e-con-full e-flex e-con e-child\" data-id=\"96be516\" data-element_type=\"container\" data-e-type=\"container\">\n\t\t\t\t<div class=\"elementor-element elementor-element-df74293 elementor-widget elementor-widget-heading\" data-id=\"df74293\" data-element_type=\"widget\" data-e-type=\"widget\" data-widget_type=\"heading.default\">\n\t\t\t\t\t<h2 class=\"elementor-heading-title elementor-size-default\">Programma ufficiale delle Fallas 2026<\/h2>\t\t\t\t<\/div>\n\t\t\t\t<\/div>\n\t\t<div class=\"elementor-element elementor-element-78542a6 e-con-full e-flex e-con e-child\" data-id=\"78542a6\" data-element_type=\"container\" data-e-type=\"container\">\n\t\t\t\t<div class=\"elementor-element elementor-element-e7d4307 elementor-widget elementor-widget-text-editor\" data-id=\"e7d4307\" data-element_type=\"widget\" data-e-type=\"widget\" data-widget_type=\"text-editor.default\">\n\t\t\t\t\t\t\t\t\t<figure class=\"wp-block-image aligncenter is-resized\"><img decoding=\"async\" class=\"alignnone size-full wp-image-3417\" src=\"https:\/\/valenciaandgo.com\/wp-content\/uploads\/2025\/12\/img-fallas-valencia-03.webp\" alt=\"\" width=\"1920\" height=\"1080\" \/><\/figure>\n<p><!-- \/wp:image --><!-- wp:paragraph --><\/p>\n<p>Le Fallas non si svolgono solo a marzo, ma hanno anche eventi precedenti che segnano l'inizio delle celebrazioni:<\/p>\n<p><!-- \/wp:paragraph --><!-- wp:list --><\/p>\n<ul class=\"wp-block-list\">\n<li style=\"list-style-type: none;\">\n<ul class=\"wp-block-list\"><!-- wp:list-item --><\/ul>\n<\/li>\n<\/ul>\n<ul>\n<li><strong>Masclet\u00e0s<\/strong> (1-19 marzo): ogni giorno alle 14:00 nella piazza del Municipio.<\/li>\n<li><!-- \/wp:list-item --><!-- wp:list-item --><!-- \/wp:list-item --><!-- wp:list-item --><strong>Mostra Ninot<\/strong> (Fino al 15 marzo): mostra dei ninots candidati ad essere salvati dall'incendio.<\/li>\n<li><!-- \/wp:list-item --><!-- wp:list-item --><strong>La Plant\u00e0<\/strong> (15 marzo): Le fallas scendono in strada a Valencia.<\/li>\n<li><!-- \/wp:list-item --><!-- wp:list-item --><strong>Fuochi d'artificio<\/strong> (15-18 marzo): tutte le sere al Paseo de la Alameda.<\/li>\n<li><strong>Nit del foc<\/strong> (18 marzo): fuochi d'artificio sul ponte di Monteolivete<\/li>\n<li><!-- \/wp:list-item --><!-- wp:list-item --><strong>Cavalcata di fuoco<\/strong> (19 marzo, ore 19): Sfilata di fuoco e pirotecnica davanti alla Crem\u00e0.<\/li>\n<li><!-- \/wp:list-item --><!-- wp:list-item --><strong>La Crem\u00e0<\/strong> (19 marzo): Bruciamento delle fallas in tutta la citt\u00e0.<\/li>\n<\/ul>\t\t\t\t\t\t\t\t<\/div>\n\t\t\t\t<\/div>\n\t\t\t\t<\/div>\n\t\t<div class=\"elementor-element elementor-element-a47332f e-con-full e-flex e-con e-child\" data-id=\"a47332f\" data-element_type=\"container\" data-e-type=\"container\">\n\t\t<div class=\"elementor-element elementor-element-cf1e76a e-con-full e-flex e-con e-child\" data-id=\"cf1e76a\" data-element_type=\"container\" data-e-type=\"container\">\n\t\t\t\t<div class=\"elementor-element elementor-element-e22b6d1 elementor-widget elementor-widget-heading\" data-id=\"e22b6d1\" data-element_type=\"widget\" data-e-type=\"widget\" data-widget_type=\"heading.default\">\n\t\t\t\t\t<h2 class=\"elementor-heading-title elementor-size-default\">I difetti pi\u00f9 famosi da non perdere<\/h2>\t\t\t\t<\/div>\n\t\t\t\t<\/div>\n\t\t<div class=\"elementor-element elementor-element-650fca9 e-con-full e-flex e-con e-child\" data-id=\"650fca9\" data-element_type=\"container\" data-e-type=\"container\">\n\t\t\t\t<div class=\"elementor-element elementor-element-b4adc46 elementor-widget elementor-widget-text-editor\" data-id=\"b4adc46\" data-element_type=\"widget\" data-e-type=\"widget\" data-widget_type=\"text-editor.default\">\n\t\t\t\t\t\t\t\t\t<figure class=\"wp-block-image aligncenter is-resized\"><img decoding=\"async\" class=\"alignnone size-full wp-image-727\" src=\"https:\/\/valenciaandgo.com\/wp-content\/uploads\/2025\/11\/img-blog-guia-fallas-valencia-25.webp\" alt=\"\" width=\"1170\" height=\"783\" \/><\/figure>\n<p><!-- \/wp:image --><!-- wp:paragraph --><\/p>\n<ul>\n<li><strong>Dal Consiglio comunale<\/strong>Il pi\u00f9 iconico e l'unico finanziato dal Comune di Valencia.<!-- \/wp:paragraph --><!-- wp:paragraph --><\/li>\n<li><strong>Convento di Gerusalemme<\/strong>Uno dei pi\u00f9 premiati, con monumenti spettacolari ogni anno.<!-- \/wp:paragraph --><!-- wp:paragraph --><\/li>\n<li><strong>Falla Na Jordana<\/strong>Conosciuto per la sua creativit\u00e0 e i suoi messaggi satirici.<!-- \/wp:paragraph --><!-- wp:paragraph --><\/li>\n<li><strong>Cuba-Letterato Azor\u00edn<\/strong>La caratteristica pi\u00f9 evidente \u00e8 l'impressionante illuminazione notturna.<!-- \/wp:paragraph --><!-- wp:paragraph --><\/li>\n<li><strong>Almirante Cadarso-Conde Altea<\/strong>Sempre sorprendente con un design innovativo.<\/li>\n<\/ul>\t\t\t\t\t\t\t\t<\/div>\n\t\t\t\t<\/div>\n\t\t\t\t<\/div>\n\t\t<div class=\"elementor-element elementor-element-7bc4878 e-con-full e-flex e-con e-child\" data-id=\"7bc4878\" data-element_type=\"container\" data-e-type=\"container\">\n\t\t<div class=\"elementor-element elementor-element-601f8a2 e-con-full e-flex e-con e-child\" data-id=\"601f8a2\" data-element_type=\"container\" data-e-type=\"container\">\n\t\t\t\t<div class=\"elementor-element elementor-element-f9668fc elementor-widget elementor-widget-heading\" data-id=\"f9668fc\" data-element_type=\"widget\" data-e-type=\"widget\" data-widget_type=\"heading.default\">\n\t\t\t\t\t<h2 class=\"elementor-heading-title elementor-size-default\">Consigli per godersi le Fallas 2026<\/h2>\t\t\t\t<\/div>\n\t\t\t\t<\/div>\n\t\t<div class=\"elementor-element elementor-element-ecb180e e-con-full e-flex e-con e-child\" data-id=\"ecb180e\" data-element_type=\"container\" data-e-type=\"container\">\n\t\t\t\t<div class=\"elementor-element elementor-element-23758c6 elementor-widget elementor-widget-text-editor\" data-id=\"23758c6\" data-element_type=\"widget\" data-e-type=\"widget\" data-widget_type=\"text-editor.default\">\n\t\t\t\t\t\t\t\t\t<ul>\n<li><strong>Arrivare in anticipo agli eventi<\/strong>Soprattutto la Masclet\u00e0 e l'Ofrenda, mentre la citt\u00e0 si riempie di gente.<!-- \/wp:paragraph --><!-- wp:paragraph --><\/li>\n<li><strong>Indossare scarpe comode<\/strong>Camminerete molto e le strade saranno affollate.<!-- \/wp:paragraph --><!-- wp:paragraph --><\/li>\n<li><strong>Controllare le limitazioni al traffico<\/strong>Durante le Fallas, molte strade sono chiuse ed \u00e8 meglio utilizzare i mezzi pubblici.<!-- \/wp:paragraph --><!-- wp:paragraph --><\/li>\n<li><strong>Prenotare l'alloggio in anticipo<\/strong>: Gli hotel e gli appartamenti si riempiono rapidamente.<!-- \/wp:paragraph --><!-- wp:paragraph --><\/li>\n<li><strong>Se non vi piace il rumore, indossate dei tappi per le orecchie.<\/strong>I Masclet\u00e0 possono superare i 120 decibel.<\/li>\n<\/ul>\n<p><!-- \/wp:paragraph --><!-- wp:image {\"id\":9353,\"width\":\"547px\",\"height\":\"auto\",\"align\":\"center\"} --><\/p>\n<figure class=\"wp-block-image aligncenter is-resized\"><img loading=\"lazy\" decoding=\"async\" class=\"alignnone size-full wp-image-3416\" src=\"https:\/\/valenciaandgo.com\/wp-content\/uploads\/2025\/12\/img-fallas-valencia-04.webp\" alt=\"\" width=\"1080\" height=\"1080\" \/><\/figure>\n<p><!-- \/wp:image --><!-- wp:heading {\"level\":4} --><\/p>\t\t\t\t\t\t\t\t<\/div>\n\t\t\t\t<\/div>\n\t\t\t\t<\/div>\n\t\t<div class=\"elementor-element elementor-element-36d6904 e-con-full e-flex e-con e-child\" data-id=\"36d6904\" data-element_type=\"container\" data-e-type=\"container\">\n\t\t<div class=\"elementor-element elementor-element-6b5084d e-con-full e-flex e-con e-child\" data-id=\"6b5084d\" data-element_type=\"container\" data-e-type=\"container\">\n\t\t\t\t<div class=\"elementor-element elementor-element-35df3ad elementor-widget elementor-widget-heading\" data-id=\"35df3ad\" data-element_type=\"widget\" data-e-type=\"widget\" data-widget_type=\"heading.default\">\n\t\t\t\t\t<h2 class=\"elementor-heading-title elementor-size-default\">Vivere le Fallas nel modo migliore con la nostra visita guidata<\/h2>\t\t\t\t<\/div>\n\t\t\t\t<\/div>\n\t\t<div class=\"elementor-element elementor-element-3b2bb0c e-con-full e-flex e-con e-child\" data-id=\"3b2bb0c\" data-element_type=\"container\" data-e-type=\"container\">\n\t\t\t\t<div class=\"elementor-element elementor-element-d0f781b elementor-widget elementor-widget-text-editor\" data-id=\"d0f781b\" data-element_type=\"widget\" data-e-type=\"widget\" data-widget_type=\"text-editor.default\">\n\t\t\t\t\t\t\t\t\t<p>Se volete vivere le Fallas come un vero valenciano e non perdere nemmeno un dettaglio, <a href=\"https:\/\/valenciaandgo.com\/tours-valencia\/fallas-valencia-tour\/\"><strong>la nostra visita guidata vi porter\u00e0 negli angoli pi\u00f9 particolari della citt\u00e0<\/strong>.<\/a> Imparerete la storia dei monumenti, godrete della migliore atmosfera delle Fallas e vi assicuriamo un'esperienza indimenticabile.<\/p>\n<p><!-- \/wp:paragraph --><!-- wp:paragraph --><\/p>\n<p><strong>Prenotate subito e godetevi queste fallas come un vero valenciano!<\/strong><\/p>\n<p><!-- \/wp:paragraph --><!-- wp:paragraph --><\/p>\n<p>Seguiteci sul nostro <a href=\"https:\/\/www.instagram.com\/valenciaandgo\/?hl=es\">social media<\/a> per non perdere nulla della storia, delle tradizioni e dei progetti di Valencia.<\/p>\t\t\t\t\t\t\t\t<\/div>\n\t\t\t\t<\/div>\n\t\t\t\t<\/div>\n\t\t\t\t\t<\/div>\n\t\t\t\t<\/div>\n\t\t\t\t<\/div>","protected":false},"excerpt":{"rendered":"<p>Las Fallas de Valencia son una de las festividades m\u00e1s espectaculares del mundo, declaradas Patrimonio Cultural Inmaterial de la Humanidad por la UNESCO. Cada marzo, la ciudad se llena de arte, p\u00f3lvora, m\u00fasica y fuego en una celebraci\u00f3n que atrae a miles de visitantes. Si quieres conocer todo sobre las Fallas 2026, sigue leyendo porque [&hellip;]<\/p>\n","protected":false},"author":1,"featured_media":727,"comment_status":"closed","ping_status":"closed","sticky":false,"template":"","format":"standard","meta":{"_acf_changed":false,"footnotes":""},"categories":[22,24,54],"tags":[57,53],"class_list":["post-551","post","type-post","status-publish","format-standard","has-post-thumbnail","hentry","category-cultura-tradiciones","category-noticias","category-que-hacer","tag-planes-exterior","tag-valencia"],"acf":[],"yoast_head":"<!-- This site is optimized with the Yoast SEO plugin v27.5 - https:\/\/yoast.com\/product\/yoast-seo-wordpress\/ -->\n<title>Gu\u00eda completa de Fallas 2026<\/title>\n<meta name=\"description\" content=\"Vive las fallas 2026 como un aut\u00e9ntico valenciano: conoce su historia, tradiciones y planes imprescindibles.\" \/>\n<meta name=\"robots\" content=\"index, follow, max-snippet:-1, max-image-preview:large, max-video-preview:-1\" \/>\n<link rel=\"canonical\" href=\"https:\/\/www.valenciaandgo.com\/it\/guida-completa-fallas-valencia-2026\/\" \/>\n<meta property=\"og:locale\" content=\"it_IT\" \/>\n<meta property=\"og:type\" content=\"article\" \/>\n<meta property=\"og:title\" content=\"Gu\u00eda completa de Fallas 2026\" \/>\n<meta property=\"og:description\" content=\"Vive las fallas 2026 como un aut\u00e9ntico valenciano: conoce su historia, tradiciones y planes imprescindibles.\" \/>\n<meta property=\"og:url\" content=\"https:\/\/www.valenciaandgo.com\/it\/guida-completa-fallas-valencia-2026\/\" \/>\n<meta property=\"og:site_name\" content=\"Valencia&amp;Go\" \/>\n<meta property=\"article:publisher\" content=\"https:\/\/www.facebook.com\/valenciaandgo\/\" \/>\n<meta property=\"article:published_time\" content=\"2025-02-14T13:33:00+00:00\" \/>\n<meta property=\"article:modified_time\" content=\"2026-03-14T13:01:26+00:00\" \/>\n<meta property=\"og:image\" content=\"https:\/\/www.valenciaandgo.com\/wp-content\/uploads\/2025\/11\/img-blog-guia-fallas-valencia-25.webp\" \/>\n\t<meta property=\"og:image:width\" content=\"1170\" \/>\n\t<meta property=\"og:image:height\" content=\"783\" \/>\n\t<meta property=\"og:image:type\" content=\"image\/webp\" \/>\n<meta name=\"author\" content=\"Valencia &amp; Go\" \/>\n<meta name=\"twitter:card\" content=\"summary_large_image\" \/>\n<meta name=\"twitter:label1\" content=\"Scritto da\" \/>\n\t<meta name=\"twitter:data1\" content=\"Valencia &amp; Go\" \/>\n\t<meta name=\"twitter:label2\" content=\"Tempo di lettura stimato\" \/>\n\t<meta name=\"twitter:data2\" content=\"5 minuti\" \/>\n<script type=\"application\/ld+json\" class=\"yoast-schema-graph\">{\"@context\":\"https:\\\/\\\/schema.org\",\"@graph\":[{\"@type\":\"Article\",\"@id\":\"https:\\\/\\\/www.valenciaandgo.com\\\/fallas-valencia-2026-guia-completa\\\/#article\",\"isPartOf\":{\"@id\":\"https:\\\/\\\/www.valenciaandgo.com\\\/fallas-valencia-2026-guia-completa\\\/\"},\"author\":{\"name\":\"Valencia &amp; Go\",\"@id\":\"https:\\\/\\\/www.valenciaandgo.com\\\/it\\\/#\\\/schema\\\/person\\\/d6e9fc8911f61d877353aabcb0214213\"},\"headline\":\"Gu\u00eda Completa de las Fallas de Valencia 2026: Historia, Tradiciones y Planes Imprescindibles\",\"datePublished\":\"2025-02-14T13:33:00+00:00\",\"dateModified\":\"2026-03-14T13:01:26+00:00\",\"mainEntityOfPage\":{\"@id\":\"https:\\\/\\\/www.valenciaandgo.com\\\/fallas-valencia-2026-guia-completa\\\/\"},\"wordCount\":859,\"publisher\":{\"@id\":\"https:\\\/\\\/www.valenciaandgo.com\\\/it\\\/#organization\"},\"image\":{\"@id\":\"https:\\\/\\\/www.valenciaandgo.com\\\/fallas-valencia-2026-guia-completa\\\/#primaryimage\"},\"thumbnailUrl\":\"https:\\\/\\\/www.valenciaandgo.com\\\/wp-content\\\/uploads\\\/2025\\\/11\\\/img-blog-guia-fallas-valencia-25.webp\",\"keywords\":[\"planes exterior\",\"Valencia\"],\"articleSection\":[\"Cultura y tradiciones\",\"Noticias\",\"Qu\u00e9 hacer\"],\"inLanguage\":\"it-IT\"},{\"@type\":\"WebPage\",\"@id\":\"https:\\\/\\\/www.valenciaandgo.com\\\/fallas-valencia-2026-guia-completa\\\/\",\"url\":\"https:\\\/\\\/www.valenciaandgo.com\\\/fallas-valencia-2026-guia-completa\\\/\",\"name\":\"Gu\u00eda completa de Fallas 2026\",\"isPartOf\":{\"@id\":\"https:\\\/\\\/www.valenciaandgo.com\\\/it\\\/#website\"},\"primaryImageOfPage\":{\"@id\":\"https:\\\/\\\/www.valenciaandgo.com\\\/fallas-valencia-2026-guia-completa\\\/#primaryimage\"},\"image\":{\"@id\":\"https:\\\/\\\/www.valenciaandgo.com\\\/fallas-valencia-2026-guia-completa\\\/#primaryimage\"},\"thumbnailUrl\":\"https:\\\/\\\/www.valenciaandgo.com\\\/wp-content\\\/uploads\\\/2025\\\/11\\\/img-blog-guia-fallas-valencia-25.webp\",\"datePublished\":\"2025-02-14T13:33:00+00:00\",\"dateModified\":\"2026-03-14T13:01:26+00:00\",\"description\":\"Vive las fallas 2026 como un aut\u00e9ntico valenciano: conoce su historia, tradiciones y planes imprescindibles.\",\"breadcrumb\":{\"@id\":\"https:\\\/\\\/www.valenciaandgo.com\\\/fallas-valencia-2026-guia-completa\\\/#breadcrumb\"},\"inLanguage\":\"it-IT\",\"potentialAction\":[{\"@type\":\"ReadAction\",\"target\":[\"https:\\\/\\\/www.valenciaandgo.com\\\/fallas-valencia-2026-guia-completa\\\/\"]}]},{\"@type\":\"ImageObject\",\"inLanguage\":\"it-IT\",\"@id\":\"https:\\\/\\\/www.valenciaandgo.com\\\/fallas-valencia-2026-guia-completa\\\/#primaryimage\",\"url\":\"https:\\\/\\\/www.valenciaandgo.com\\\/wp-content\\\/uploads\\\/2025\\\/11\\\/img-blog-guia-fallas-valencia-25.webp\",\"contentUrl\":\"https:\\\/\\\/www.valenciaandgo.com\\\/wp-content\\\/uploads\\\/2025\\\/11\\\/img-blog-guia-fallas-valencia-25.webp\",\"width\":1170,\"height\":783},{\"@type\":\"BreadcrumbList\",\"@id\":\"https:\\\/\\\/www.valenciaandgo.com\\\/fallas-valencia-2026-guia-completa\\\/#breadcrumb\",\"itemListElement\":[{\"@type\":\"ListItem\",\"position\":1,\"name\":\"Portada\",\"item\":\"https:\\\/\\\/www.valenciaandgo.com\\\/\"},{\"@type\":\"ListItem\",\"position\":2,\"name\":\"Gu\u00eda Completa de las Fallas de Valencia 2026: Historia, Tradiciones y Planes Imprescindibles\"}]},{\"@type\":\"WebSite\",\"@id\":\"https:\\\/\\\/www.valenciaandgo.com\\\/it\\\/#website\",\"url\":\"https:\\\/\\\/www.valenciaandgo.com\\\/it\\\/\",\"name\":\"Valencia&Go\",\"description\":\"Tours por Valencia y alrededores de ciudad.\",\"publisher\":{\"@id\":\"https:\\\/\\\/www.valenciaandgo.com\\\/it\\\/#organization\"},\"potentialAction\":[{\"@type\":\"SearchAction\",\"target\":{\"@type\":\"EntryPoint\",\"urlTemplate\":\"https:\\\/\\\/www.valenciaandgo.com\\\/it\\\/?s={search_term_string}\"},\"query-input\":{\"@type\":\"PropertyValueSpecification\",\"valueRequired\":true,\"valueName\":\"search_term_string\"}}],\"inLanguage\":\"it-IT\"},{\"@type\":\"Organization\",\"@id\":\"https:\\\/\\\/www.valenciaandgo.com\\\/it\\\/#organization\",\"name\":\"Valencia&Go\",\"url\":\"https:\\\/\\\/www.valenciaandgo.com\\\/it\\\/\",\"logo\":{\"@type\":\"ImageObject\",\"inLanguage\":\"it-IT\",\"@id\":\"https:\\\/\\\/www.valenciaandgo.com\\\/it\\\/#\\\/schema\\\/logo\\\/image\\\/\",\"url\":\"https:\\\/\\\/www.valenciaandgo.com\\\/wp-content\\\/uploads\\\/2025\\\/10\\\/valencia_go-svg-blnc-iso-naranja.svg\",\"contentUrl\":\"https:\\\/\\\/www.valenciaandgo.com\\\/wp-content\\\/uploads\\\/2025\\\/10\\\/valencia_go-svg-blnc-iso-naranja.svg\",\"width\":434,\"height\":102,\"caption\":\"Valencia&Go\"},\"image\":{\"@id\":\"https:\\\/\\\/www.valenciaandgo.com\\\/it\\\/#\\\/schema\\\/logo\\\/image\\\/\"},\"sameAs\":[\"https:\\\/\\\/www.facebook.com\\\/valenciaandgo\\\/\",\"https:\\\/\\\/www.instagram.com\\\/valenciaandgo\",\"https:\\\/\\\/www.linkedin.com\\\/company\\\/valencia-go\\\/\",\"https:\\\/\\\/www.tiktok.com\\\/@valenciaandgo\"]},{\"@type\":\"Person\",\"@id\":\"https:\\\/\\\/www.valenciaandgo.com\\\/it\\\/#\\\/schema\\\/person\\\/d6e9fc8911f61d877353aabcb0214213\",\"name\":\"Valencia &amp; Go\",\"sameAs\":[\"https:\\\/\\\/valenciaandgo.com\"],\"url\":\"https:\\\/\\\/www.valenciaandgo.com\\\/it\\\/author\\\/valencia\\\/\"}]}<\/script>\n<!-- \/ Yoast SEO plugin. -->","yoast_head_json":{"title":"Guida completa a Fallas 2026","description":"Vivete Fallas 2026 come un vero valenciano: conoscete la sua storia, le sue tradizioni e i suoi programmi essenziali.","robots":{"index":"index","follow":"follow","max-snippet":"max-snippet:-1","max-image-preview":"max-image-preview:large","max-video-preview":"max-video-preview:-1"},"canonical":"https:\/\/www.valenciaandgo.com\/it\/guida-completa-fallas-valencia-2026\/","og_locale":"it_IT","og_type":"article","og_title":"Gu\u00eda completa de Fallas 2026","og_description":"Vive las fallas 2026 como un aut\u00e9ntico valenciano: conoce su historia, tradiciones y planes imprescindibles.","og_url":"https:\/\/www.valenciaandgo.com\/it\/guida-completa-fallas-valencia-2026\/","og_site_name":"Valencia&amp;Go","article_publisher":"https:\/\/www.facebook.com\/valenciaandgo\/","article_published_time":"2025-02-14T13:33:00+00:00","article_modified_time":"2026-03-14T13:01:26+00:00","og_image":[{"width":1170,"height":783,"url":"https:\/\/www.valenciaandgo.com\/wp-content\/uploads\/2025\/11\/img-blog-guia-fallas-valencia-25.webp","type":"image\/webp"}],"author":"Valencia &amp; Go","twitter_card":"summary_large_image","twitter_misc":{"Scritto da":"Valencia &amp; Go","Tempo di lettura stimato":"5 minuti"},"schema":{"@context":"https:\/\/schema.org","@graph":[{"@type":"Article","@id":"https:\/\/www.valenciaandgo.com\/fallas-valencia-2026-guia-completa\/#article","isPartOf":{"@id":"https:\/\/www.valenciaandgo.com\/fallas-valencia-2026-guia-completa\/"},"author":{"name":"Valencia &amp; Go","@id":"https:\/\/www.valenciaandgo.com\/it\/#\/schema\/person\/d6e9fc8911f61d877353aabcb0214213"},"headline":"Gu\u00eda Completa de las Fallas de Valencia 2026: Historia, Tradiciones y Planes Imprescindibles","datePublished":"2025-02-14T13:33:00+00:00","dateModified":"2026-03-14T13:01:26+00:00","mainEntityOfPage":{"@id":"https:\/\/www.valenciaandgo.com\/fallas-valencia-2026-guia-completa\/"},"wordCount":859,"publisher":{"@id":"https:\/\/www.valenciaandgo.com\/it\/#organization"},"image":{"@id":"https:\/\/www.valenciaandgo.com\/fallas-valencia-2026-guia-completa\/#primaryimage"},"thumbnailUrl":"https:\/\/www.valenciaandgo.com\/wp-content\/uploads\/2025\/11\/img-blog-guia-fallas-valencia-25.webp","keywords":["planes exterior","Valencia"],"articleSection":["Cultura y tradiciones","Noticias","Qu\u00e9 hacer"],"inLanguage":"it-IT"},{"@type":"WebPage","@id":"https:\/\/www.valenciaandgo.com\/fallas-valencia-2026-guia-completa\/","url":"https:\/\/www.valenciaandgo.com\/fallas-valencia-2026-guia-completa\/","name":"Guida completa a Fallas 2026","isPartOf":{"@id":"https:\/\/www.valenciaandgo.com\/it\/#website"},"primaryImageOfPage":{"@id":"https:\/\/www.valenciaandgo.com\/fallas-valencia-2026-guia-completa\/#primaryimage"},"image":{"@id":"https:\/\/www.valenciaandgo.com\/fallas-valencia-2026-guia-completa\/#primaryimage"},"thumbnailUrl":"https:\/\/www.valenciaandgo.com\/wp-content\/uploads\/2025\/11\/img-blog-guia-fallas-valencia-25.webp","datePublished":"2025-02-14T13:33:00+00:00","dateModified":"2026-03-14T13:01:26+00:00","description":"Vivete Fallas 2026 come un vero valenciano: conoscete la sua storia, le sue tradizioni e i suoi programmi essenziali.","breadcrumb":{"@id":"https:\/\/www.valenciaandgo.com\/fallas-valencia-2026-guia-completa\/#breadcrumb"},"inLanguage":"it-IT","potentialAction":[{"@type":"ReadAction","target":["https:\/\/www.valenciaandgo.com\/fallas-valencia-2026-guia-completa\/"]}]},{"@type":"ImageObject","inLanguage":"it-IT","@id":"https:\/\/www.valenciaandgo.com\/fallas-valencia-2026-guia-completa\/#primaryimage","url":"https:\/\/www.valenciaandgo.com\/wp-content\/uploads\/2025\/11\/img-blog-guia-fallas-valencia-25.webp","contentUrl":"https:\/\/www.valenciaandgo.com\/wp-content\/uploads\/2025\/11\/img-blog-guia-fallas-valencia-25.webp","width":1170,"height":783},{"@type":"BreadcrumbList","@id":"https:\/\/www.valenciaandgo.com\/fallas-valencia-2026-guia-completa\/#breadcrumb","itemListElement":[{"@type":"ListItem","position":1,"name":"Portada","item":"https:\/\/www.valenciaandgo.com\/"},{"@type":"ListItem","position":2,"name":"Gu\u00eda Completa de las Fallas de Valencia 2026: Historia, Tradiciones y Planes Imprescindibles"}]},{"@type":"WebSite","@id":"https:\/\/www.valenciaandgo.com\/it\/#website","url":"https:\/\/www.valenciaandgo.com\/it\/","name":"Valencia&amp;Go","description":"Tour di Valencia e dintorni.","publisher":{"@id":"https:\/\/www.valenciaandgo.com\/it\/#organization"},"potentialAction":[{"@type":"SearchAction","target":{"@type":"EntryPoint","urlTemplate":"https:\/\/www.valenciaandgo.com\/it\/?s={search_term_string}"},"query-input":{"@type":"PropertyValueSpecification","valueRequired":true,"valueName":"search_term_string"}}],"inLanguage":"it-IT"},{"@type":"Organization","@id":"https:\/\/www.valenciaandgo.com\/it\/#organization","name":"Valencia&amp;Go","url":"https:\/\/www.valenciaandgo.com\/it\/","logo":{"@type":"ImageObject","inLanguage":"it-IT","@id":"https:\/\/www.valenciaandgo.com\/it\/#\/schema\/logo\/image\/","url":"https:\/\/www.valenciaandgo.com\/wp-content\/uploads\/2025\/10\/valencia_go-svg-blnc-iso-naranja.svg","contentUrl":"https:\/\/www.valenciaandgo.com\/wp-content\/uploads\/2025\/10\/valencia_go-svg-blnc-iso-naranja.svg","width":434,"height":102,"caption":"Valencia&Go"},"image":{"@id":"https:\/\/www.valenciaandgo.com\/it\/#\/schema\/logo\/image\/"},"sameAs":["https:\/\/www.facebook.com\/valenciaandgo\/","https:\/\/www.instagram.com\/valenciaandgo","https:\/\/www.linkedin.com\/company\/valencia-go\/","https:\/\/www.tiktok.com\/@valenciaandgo"]},{"@type":"Person","@id":"https:\/\/www.valenciaandgo.com\/it\/#\/schema\/person\/d6e9fc8911f61d877353aabcb0214213","name":"Valencia &amp; Go","sameAs":["https:\/\/valenciaandgo.com"],"url":"https:\/\/www.valenciaandgo.com\/it\/author\/valencia\/"}]}},"_links":{"self":[{"href":"https:\/\/www.valenciaandgo.com\/it\/wp-json\/wp\/v2\/posts\/551","targetHints":{"allow":["GET"]}}],"collection":[{"href":"https:\/\/www.valenciaandgo.com\/it\/wp-json\/wp\/v2\/posts"}],"about":[{"href":"https:\/\/www.valenciaandgo.com\/it\/wp-json\/wp\/v2\/types\/post"}],"author":[{"embeddable":true,"href":"https:\/\/www.valenciaandgo.com\/it\/wp-json\/wp\/v2\/users\/1"}],"replies":[{"embeddable":true,"href":"https:\/\/www.valenciaandgo.com\/it\/wp-json\/wp\/v2\/comments?post=551"}],"version-history":[{"count":0,"href":"https:\/\/www.valenciaandgo.com\/it\/wp-json\/wp\/v2\/posts\/551\/revisions"}],"wp:featuredmedia":[{"embeddable":true,"href":"https:\/\/www.valenciaandgo.com\/it\/wp-json\/wp\/v2\/media\/727"}],"wp:attachment":[{"href":"https:\/\/www.valenciaandgo.com\/it\/wp-json\/wp\/v2\/media?parent=551"}],"wp:term":[{"taxonomy":"category","embeddable":true,"href":"https:\/\/www.valenciaandgo.com\/it\/wp-json\/wp\/v2\/categories?post=551"},{"taxonomy":"post_tag","embeddable":true,"href":"https:\/\/www.valenciaandgo.com\/it\/wp-json\/wp\/v2\/tags?post=551"}],"curies":[{"name":"wp","href":"https:\/\/api.w.org\/{rel}","templated":true}]}}