{"id":563,"date":"2025-05-16T11:14:00","date_gmt":"2025-05-16T11:14:00","guid":{"rendered":"https:\/\/new.valenciaandgo.com\/?p=563"},"modified":"2026-03-14T13:01:26","modified_gmt":"2026-03-14T13:01:26","slug":"piani-essenziali-a-valencia-per-il-maggio-2025","status":"publish","type":"post","link":"https:\/\/www.valenciaandgo.com\/it\/planes-imprescindibles-en-valencia-para-mayo-2025\/","title":{"rendered":"I programmi da non perdere a Valencia per il maggio 2025: cultura, musica e fughe uniche"},"content":{"rendered":"<div data-elementor-type=\"wp-post\" data-elementor-id=\"563\" class=\"elementor elementor-563\" data-elementor-post-type=\"post\">\n\t\t\t\t<div class=\"elementor-element elementor-element-3b44300e e-flex e-con-boxed e-con e-parent\" data-id=\"3b44300e\" data-element_type=\"container\" data-e-type=\"container\">\n\t\t\t\t\t<div class=\"e-con-inner\">\n\t\t<div class=\"elementor-element elementor-element-6f02d5a4 e-con-full e-flex e-con e-child\" data-id=\"6f02d5a4\" data-element_type=\"container\" data-e-type=\"container\">\n\t\t\t\t<div class=\"elementor-element elementor-element-5a11dc0a elementor-widget elementor-widget-text-editor\" data-id=\"5a11dc0a\" data-element_type=\"widget\" data-e-type=\"widget\" data-widget_type=\"text-editor.default\">\n\t\t\t\t\t\t\t\t\t\n<p>Valencia, la citt\u00e0 dai progetti infiniti, ci presenta un mese ricco di attivit\u00e0 per tutte le et\u00e0: dalla musica alle escursioni per godersi la stagione primaverile. Ecco un elenco di alcune delle attivit\u00e0 che potrete fare nei prossimi giorni e altre che potrete fare tutto l'anno!<\/p>\n\t\t\t\t\t\t\t\t<\/div>\n\t\t\t\t<\/div>\n\t\t<div class=\"elementor-element elementor-element-57b798b2 e-con-full e-flex e-con e-child\" data-id=\"57b798b2\" data-element_type=\"container\" data-e-type=\"container\">\n\t\t<div class=\"elementor-element elementor-element-400f5cf4 e-con-full e-flex e-con e-child\" data-id=\"400f5cf4\" data-element_type=\"container\" data-e-type=\"container\">\n\t\t\t\t<div class=\"elementor-element elementor-element-39f3814b elementor-widget elementor-widget-heading\" data-id=\"39f3814b\" data-element_type=\"widget\" data-e-type=\"widget\" data-widget_type=\"heading.default\">\n\t\t\t\t\t<h2 class=\"elementor-heading-title elementor-size-default\">Cultura e festival<\/h2>\t\t\t\t<\/div>\n\t\t\t\t<\/div>\n\t\t<div class=\"elementor-element elementor-element-16b222b0 e-con-full e-flex e-con e-child\" data-id=\"16b222b0\" data-element_type=\"container\" data-e-type=\"container\">\n\t\t\t\t<div class=\"elementor-element elementor-element-7766d67b elementor-widget elementor-widget-text-editor\" data-id=\"7766d67b\" data-element_type=\"widget\" data-e-type=\"widget\" data-widget_type=\"text-editor.default\">\n\t\t\t\t\t\t\t\t\t<h3 class=\"wp-block-heading\"><strong>Festival Cabanyal \u00cdntim<\/strong><\/h3>\n<p><img fetchpriority=\"high\" decoding=\"async\" class=\"alignnone size-full wp-image-3276\" src=\"https:\/\/valenciaandgo.com\/wp-content\/uploads\/2025\/12\/cabanyal-intim.webp\" alt=\"\" width=\"1912\" height=\"1069\" \/><\/p>\n<ul>\n<li>Dal 15 al 18 maggio<\/li>\n<li>Quartiere di Cabanyal, Valencia<\/li>\n<li>Biglietti: 8-14 \u20ac.<\/li>\n<li><a href=\"https:\/\/cabanyalintim.com\/\">cabanyalintim.com<\/a><\/li>\n<\/ul>\n<p>Il Festival Cabanyal \u00cdntim celebra la sua 13\u00aa edizione con lo slogan \u00abEl H\u00e1bitat\u00bb, riflettendo sulla gentrificazione e sulla perdita della casa attraverso il teatro, la danza, la musica e le performance in spazi unici del quartiere.<\/p>\n<p><!-- \/wp:paragraph --><\/p>\n<p><!-- wp:heading {\"level\":3} --><\/p>\n<h3 class=\"wp-block-heading\"><strong style=\"letter-spacing: 1.4px;\">Giornata internazionale dei musei a X\u00e0tiva<\/strong><\/h3>\n<div>\n<h3 class=\"wp-block-heading\"><strong><img decoding=\"async\" class=\"alignnone size-full wp-image-3286\" src=\"https:\/\/valenciaandgo.com\/wp-content\/uploads\/2025\/12\/museo-bellas-artes.webp\" alt=\"\" width=\"1920\" height=\"1080\" \/><\/strong><\/h3>\n<\/div>\n<ul>\n<li>18 maggio<\/li>\n<li>Museo di Belle Arti e Museo di Archeologia di Almod\u00ed, X\u00e0tiva<\/li>\n<li>Ingresso libero<\/li>\n<\/ul>\n<p><!-- \/wp:paragraph --><\/p>\n<p><!-- wp:paragraph --><\/p>\n<p>X\u00e0tiva offre l'ingresso gratuito ai suoi musei comunali e attivit\u00e0 speciali come una visita drammatizzata il 24 maggio e un concerto gratuito il 1\u00b0 giugno.<\/p>\t\t\t\t\t\t\t\t<\/div>\n\t\t\t\t<\/div>\n\t\t\t\t<\/div>\n\t\t<div class=\"elementor-element elementor-element-8e64eab e-con-full e-flex e-con e-child\" data-id=\"8e64eab\" data-element_type=\"container\" data-e-type=\"container\">\n\t\t<div class=\"elementor-element elementor-element-a4c53d9 e-con-full e-flex e-con e-child\" data-id=\"a4c53d9\" data-element_type=\"container\" data-e-type=\"container\">\n\t\t\t\t<div class=\"elementor-element elementor-element-0e65d84 elementor-widget elementor-widget-heading\" data-id=\"0e65d84\" data-element_type=\"widget\" data-e-type=\"widget\" data-widget_type=\"heading.default\">\n\t\t\t\t\t<h2 class=\"elementor-heading-title elementor-size-default\">Musica dal vivo<\/h2>\t\t\t\t<\/div>\n\t\t\t\t<\/div>\n\t\t<div class=\"elementor-element elementor-element-2d95c50 e-con-full e-flex e-con e-child\" data-id=\"2d95c50\" data-element_type=\"container\" data-e-type=\"container\">\n\t\t\t\t<div class=\"elementor-element elementor-element-70f076a elementor-widget elementor-widget-text-editor\" data-id=\"70f076a\" data-element_type=\"widget\" data-e-type=\"widget\" data-widget_type=\"text-editor.default\">\n\t\t\t\t\t\t\t\t\t<h3 class=\"wp-block-heading\"><strong>Festival Surforama 2025<\/strong><\/h3>\n<p><img decoding=\"async\" class=\"alignnone size-full wp-image-3292\" src=\"https:\/\/valenciaandgo.com\/wp-content\/uploads\/2025\/12\/surforama-25.webp\" alt=\"\" width=\"1920\" height=\"560\" \/><\/p>\n<ul>\n<li>23 e 24 maggio<\/li>\n<li>La Rambleta, Valencia<\/li>\n<li>Biglietti: verificare presso<br \/><a href=\"https:\/\/festivalsurforama.es\/?utm_source=chatgpt.com\" target=\"_blank\" rel=\"noreferrer noopener\">festivalsurforama.es<\/a><!-- \/wp:paragraph --><!-- wp:paragraph --><\/li>\n<\/ul>\n<p>Il Festival Surforama celebra la sua 21\u00aa edizione con musica surf e rock a La Rambleta, con l'esibizione di JD McPherson.<\/p>\n<h3 class=\"wp-block-heading\"><strong>Concerto di La Ra\u00edz<\/strong><\/h3>\n<ul>\n<li>24 maggio<\/li>\n<li>Area fieristica di Mislata, Valencia<\/li>\n<li>Biglietti: disponibili presso <a href=\"https:\/\/www.enterticket.es\/eventos\/la-raiz-valencia-159182\">enterticket.it<\/a><\/li>\n<\/ul>\n<p><!-- \/wp:paragraph --><!-- wp:paragraph --><\/p>\n<p>La band valenciana La Ra\u00edz si esibisce in un concerto molto atteso a Mislata.<\/p>\n<h3 class=\"wp-block-heading\"><strong>Un lago di concerti<\/strong><\/h3>\n<p><img loading=\"lazy\" decoding=\"async\" class=\"alignnone size-full wp-image-3277\" src=\"https:\/\/valenciaandgo.com\/wp-content\/uploads\/2025\/12\/conciertos-valencia.webp\" alt=\"\" width=\"1920\" height=\"1080\" \/><\/p>\n<ul>\n<li>23 maggio<\/li>\n<li>Davanti al Museu de les Ci\u00e8ncies Pr\u00edncipe Felipe, Valencia<\/li>\n<li>Ingresso libero<br \/><a href=\"https:\/\/valencia.berklee.edu\/events\/un-lago-de-conciertos-spring-2025\">valencia.berklee.edu<\/a><\/li>\n<\/ul>\n<p>Berklee Valencia e la Citt\u00e0 delle Arti e delle Scienze presentano questa serie di concerti gratuiti con band formate da studenti Berklee, che si esibiscono in una vasta gamma di stili.<\/p>\t\t\t\t\t\t\t\t<\/div>\n\t\t\t\t<\/div>\n\t\t\t\t<\/div>\n\t\t<div class=\"elementor-element elementor-element-cab6b15 e-con-full e-flex e-con e-child\" data-id=\"cab6b15\" data-element_type=\"container\" data-e-type=\"container\">\n\t\t<div class=\"elementor-element elementor-element-65c2cce e-con-full e-flex e-con e-child\" data-id=\"65c2cce\" data-element_type=\"container\" data-e-type=\"container\">\n\t\t\t\t<div class=\"elementor-element elementor-element-9884626 elementor-widget elementor-widget-heading\" data-id=\"9884626\" data-element_type=\"widget\" data-e-type=\"widget\" data-widget_type=\"heading.default\">\n\t\t\t\t\t<h2 class=\"elementor-heading-title elementor-size-default\">Mercati e fiere<\/h2>\t\t\t\t<\/div>\n\t\t\t\t<\/div>\n\t\t<div class=\"elementor-element elementor-element-c145847 e-con-full e-flex e-con e-child\" data-id=\"c145847\" data-element_type=\"container\" data-e-type=\"container\">\n\t\t\t\t<div class=\"elementor-element elementor-element-9588179 elementor-widget elementor-widget-text-editor\" data-id=\"9588179\" data-element_type=\"widget\" data-e-type=\"widget\" data-widget_type=\"text-editor.default\">\n\t\t\t\t\t\t\t\t\t<h3 class=\"wp-block-heading\">Mercato delle pulci in <strong>Mercato di Valvanera<\/strong><\/h3>\n<p><img loading=\"lazy\" decoding=\"async\" class=\"alignnone size-full wp-image-3279\" src=\"https:\/\/valenciaandgo.com\/wp-content\/uploads\/2025\/12\/flea-market.webp\" alt=\"\" width=\"866\" height=\"1080\" \/><\/p>\n<ul>\n<li>18 maggio<\/li>\n<li>Piazza Santiago Su\u00e1rez, La Creu Coberta, Valencia<\/li>\n<li>Ingresso: 1 \u20ac (dalle 11:00 alle 18:00), gratuito dalle 18:00 alle 19:00<br \/><a href=\"https:\/\/www.valenciabonita.es\/2025\/05\/13\/mercado-segunda-mano-todo-1-euro-18-mayo-2025\/\">valenciabonita.es<\/a><\/li>\n<\/ul>\n<p><!-- \/wp:paragraph --><!-- wp:paragraph --><\/p>\n<p>Questo mercato dell'usato offre tutti gli articoli a 1 euro, il che lo rende un'ottima occasione per trovare occasioni e oggetti unici.<\/p>\t\t\t\t\t\t\t\t<\/div>\n\t\t\t\t<\/div>\n\t\t\t\t<\/div>\n\t\t<div class=\"elementor-element elementor-element-e5eadeb e-con-full e-flex e-con e-child\" data-id=\"e5eadeb\" data-element_type=\"container\" data-e-type=\"container\">\n\t\t<div class=\"elementor-element elementor-element-2cca48b e-con-full e-flex e-con e-child\" data-id=\"2cca48b\" data-element_type=\"container\" data-e-type=\"container\">\n\t\t\t\t<div class=\"elementor-element elementor-element-6e01594 elementor-widget elementor-widget-heading\" data-id=\"6e01594\" data-element_type=\"widget\" data-e-type=\"widget\" data-widget_type=\"heading.default\">\n\t\t\t\t\t<h2 class=\"elementor-heading-title elementor-size-default\">Eventi sportivi<\/h2>\t\t\t\t<\/div>\n\t\t\t\t<\/div>\n\t\t<div class=\"elementor-element elementor-element-6cd1205 e-con-full e-flex e-con e-child\" data-id=\"6cd1205\" data-element_type=\"container\" data-e-type=\"container\">\n\t\t\t\t<div class=\"elementor-element elementor-element-9dd9ff3 elementor-widget elementor-widget-text-editor\" data-id=\"9dd9ff3\" data-element_type=\"widget\" data-e-type=\"widget\" data-widget_type=\"text-editor.default\">\n\t\t\t\t\t\t\t\t\t<h3 class=\"wp-block-heading\"><strong>Volta a Peu Val\u00e8ncia 2025<\/strong><\/h3>\n<p><img loading=\"lazy\" decoding=\"async\" class=\"alignnone size-full wp-image-3296\" src=\"https:\/\/valenciaandgo.com\/wp-content\/uploads\/2025\/12\/volta-a-peu.webp\" alt=\"\" width=\"1920\" height=\"902\" \/><\/p>\n<ul>\n<li>18 maggio, ore 10:00.<\/li>\n<li>Partenza e arrivo ad Alameda, Valencia<\/li>\n<li>Quota di iscrizione: 3 \u20ac.<br \/><a href=\"https:\/\/www.valenciaciudaddelrunning.com\/evento\/volta-a-peu-valencia-2025\/\">valenciaciudaddelrunning.com<\/a><\/li>\n<\/ul>\n<p><!-- \/wp:paragraph --><!-- wp:paragraph --><\/p>\n<p>La gara pi\u00f9 popolare tra i valenciani, con un percorso di 6.200 metri, ideale per tutte le et\u00e0 e i livelli.<\/p>\n<p><!-- \/wp:paragraph --><!-- wp:heading {\"level\":3} --><\/p>\n<h3 class=\"wp-block-heading\"><strong>Triathlon MTRI Valencia 2025<\/strong><\/h3>\n<p><img loading=\"lazy\" decoding=\"async\" class=\"alignnone size-full wp-image-3294\" src=\"https:\/\/valenciaandgo.com\/wp-content\/uploads\/2025\/12\/triatlon-mtri.webp\" alt=\"\" width=\"1920\" height=\"1080\" \/><\/p>\n<ul>\n<li>31 maggio e 1\u00b0 giugno<\/li>\n<li>Spiaggia di Malvarrosa, Valencia<\/li>\n<li>Iscrizione: a partire da 15 euro<br \/><a href=\"https:\/\/www.mediterraneatriatlon.com\/home\/mtri-valencia-2\/\">mediterraneatriatlon.com<\/a><\/li>\n<\/ul>\n<p><!-- \/wp:paragraph --><!-- wp:paragraph --><\/p>\n<p>Gara di triathlon che attira atleti nazionali e internazionali, con modalit\u00e0 sprint, olimpica e supersprint.<\/p>\t\t\t\t\t\t\t\t<\/div>\n\t\t\t\t<\/div>\n\t\t\t\t<\/div>\n\t\t<div class=\"elementor-element elementor-element-92ec5f8 e-con-full e-flex e-con e-child\" data-id=\"92ec5f8\" data-element_type=\"container\" data-e-type=\"container\">\n\t\t<div class=\"elementor-element elementor-element-07510d3 e-con-full e-flex e-con e-child\" data-id=\"07510d3\" data-element_type=\"container\" data-e-type=\"container\">\n\t\t\t\t<div class=\"elementor-element elementor-element-4267c1a elementor-widget elementor-widget-heading\" data-id=\"4267c1a\" data-element_type=\"widget\" data-e-type=\"widget\" data-widget_type=\"heading.default\">\n\t\t\t\t\t<h2 class=\"elementor-heading-title elementor-size-default\">Esperienze Valencia &amp; Go<\/h2>\t\t\t\t<\/div>\n\t\t\t\t<\/div>\n\t\t<div class=\"elementor-element elementor-element-4bb3b81 e-con-full e-flex e-con e-child\" data-id=\"4bb3b81\" data-element_type=\"container\" data-e-type=\"container\">\n\t\t\t\t<div class=\"elementor-element elementor-element-84c2171 elementor-widget elementor-widget-text-editor\" data-id=\"84c2171\" data-element_type=\"widget\" data-e-type=\"widget\" data-widget_type=\"text-editor.default\">\n\t\t\t\t\t\t\t\t\t<h3 class=\"wp-block-heading\"><strong>Gimkana urbana: scoprire Valencia giocando<\/strong><\/h3>\n<p><!-- \/wp:heading --><!-- wp:paragraph --><\/p>\n<p>Un modo divertente per esplorare Valencia attraverso indizi e sfide, ideale per gruppi, famiglie ed eventi aziendali.<\/p>\n<p><img loading=\"lazy\" decoding=\"async\" class=\"alignnone size-full wp-image-3280\" src=\"https:\/\/valenciaandgo.com\/wp-content\/uploads\/2025\/12\/gincana-urbana.webp\" alt=\"\" width=\"1920\" height=\"1080\" \/><\/p>\n<h3 class=\"wp-block-heading\"><strong>Escursione alle cantine di Utiel-Requena<\/strong><\/h3>\n<p><!-- \/wp:heading --><!-- wp:paragraph --><\/p>\n<p>Mezza giornata alla scoperta delle cantine tradizionali, con degustazione e abbinamento di vini. Include il trasporto da Valencia.<\/p>\n<h3 class=\"wp-block-heading\"><strong><img loading=\"lazy\" decoding=\"async\" class=\"alignnone size-full wp-image-3274\" src=\"https:\/\/valenciaandgo.com\/wp-content\/uploads\/2025\/12\/bodegas-requena.webp\" alt=\"\" width=\"1920\" height=\"1080\" \/><\/strong><\/h3>\n<h3 class=\"wp-block-heading\"><strong>Tour dell'Albufera<\/strong><\/h3>\n<p><!-- \/wp:heading --><!-- wp:paragraph --><\/p>\n<p>Passeggiata mattutina o serale, con gita in barca e visita al parco naturale. Un'esperienza unica a contatto con la natura.<\/p>\n<p><img loading=\"lazy\" decoding=\"async\" class=\"alignnone size-full wp-image-3288\" src=\"https:\/\/valenciaandgo.com\/wp-content\/uploads\/2025\/12\/parque-albufera.webp\" alt=\"\" width=\"1920\" height=\"1080\" \/><\/p>\n<p>Volete saperne di pi\u00f9 su Valencia e la sua storia? Potete trovare maggiori informazioni sui nostri social network.<\/p>\n<p>Scoprite qui tutti i nostri tour, le escursioni e le attivit\u00e0: <a class=\"\" href=\"https:\/\/valenciaandgo.com\/tours\">https:\/\/valenciaandgo.com\/tours<\/a><br \/>Vivete Valencia come un abitante del posto!<\/p>\t\t\t\t\t\t\t\t<\/div>\n\t\t\t\t<\/div>\n\t\t\t\t<\/div>\n\t\t\t\t\t<\/div>\n\t\t\t\t<\/div>\n\t\t\t\t<\/div>","protected":false},"excerpt":{"rendered":"<p>Valencia, la ciudad de los planes infinitos nos presenta un mes cargado de actividades para todas las edades: desde m\u00fasica hasta excursiones para disfrutar de la \u00e9poca primaveral. A continuaci\u00f3n dejamos un listado de algunas de las actividades que podr\u00e1s hacer durante los pr\u00f3ximos d\u00edas y \u00a1otras que puedes hacer durante todo el a\u00f1o! Cultura [&hellip;]<\/p>\n","protected":false},"author":1,"featured_media":729,"comment_status":"closed","ping_status":"closed","sticky":false,"template":"","format":"standard","meta":{"_acf_changed":false,"footnotes":""},"categories":[24,54],"tags":[63,53],"class_list":["post-563","post","type-post","status-publish","format-standard","has-post-thumbnail","hentry","category-noticias","category-que-hacer","tag-planes","tag-valencia"],"acf":[],"yoast_head":"<!-- This site is optimized with the Yoast SEO plugin v27.5 - https:\/\/yoast.com\/product\/yoast-seo-wordpress\/ -->\n<title>Los mejores planes en Valencia este mayo<\/title>\n<meta name=\"description\" content=\"Vive este mayo con los mejores planes en Valencia y alrededores. Desde mercadillos hasta festivales gratuitos.\" \/>\n<meta name=\"robots\" content=\"index, follow, max-snippet:-1, max-image-preview:large, max-video-preview:-1\" \/>\n<link rel=\"canonical\" href=\"https:\/\/www.valenciaandgo.com\/it\/piani-essenziali-a-valencia-per-il-maggio-2025\/\" \/>\n<meta property=\"og:locale\" content=\"it_IT\" \/>\n<meta property=\"og:type\" content=\"article\" \/>\n<meta property=\"og:title\" content=\"Los mejores planes en Valencia este mayo\" \/>\n<meta property=\"og:description\" content=\"Vive este mayo con los mejores planes en Valencia y alrededores. Desde mercadillos hasta festivales gratuitos.\" \/>\n<meta property=\"og:url\" content=\"https:\/\/www.valenciaandgo.com\/it\/piani-essenziali-a-valencia-per-il-maggio-2025\/\" \/>\n<meta property=\"og:site_name\" content=\"Valencia&amp;Go\" \/>\n<meta property=\"article:publisher\" content=\"https:\/\/www.facebook.com\/valenciaandgo\/\" \/>\n<meta property=\"article:published_time\" content=\"2025-05-16T11:14:00+00:00\" \/>\n<meta property=\"article:modified_time\" content=\"2026-03-14T13:01:26+00:00\" \/>\n<meta property=\"og:image\" content=\"https:\/\/www.valenciaandgo.com\/wp-content\/uploads\/2025\/11\/img-blog-ideas-septiembre.webp\" \/>\n\t<meta property=\"og:image:width\" content=\"1170\" \/>\n\t<meta property=\"og:image:height\" content=\"783\" \/>\n\t<meta property=\"og:image:type\" content=\"image\/webp\" \/>\n<meta name=\"author\" content=\"Valencia &amp; Go\" \/>\n<meta name=\"twitter:card\" content=\"summary_large_image\" \/>\n<meta name=\"twitter:label1\" content=\"Scritto da\" \/>\n\t<meta name=\"twitter:data1\" content=\"Valencia &amp; Go\" \/>\n\t<meta name=\"twitter:label2\" content=\"Tempo di lettura stimato\" \/>\n\t<meta name=\"twitter:data2\" content=\"5 minuti\" \/>\n<script type=\"application\/ld+json\" class=\"yoast-schema-graph\">{\"@context\":\"https:\\\/\\\/schema.org\",\"@graph\":[{\"@type\":\"Article\",\"@id\":\"https:\\\/\\\/www.valenciaandgo.com\\\/planes-imprescindibles-en-valencia-para-mayo-2025\\\/#article\",\"isPartOf\":{\"@id\":\"https:\\\/\\\/www.valenciaandgo.com\\\/planes-imprescindibles-en-valencia-para-mayo-2025\\\/\"},\"author\":{\"name\":\"Valencia &amp; Go\",\"@id\":\"https:\\\/\\\/www.valenciaandgo.com\\\/it\\\/#\\\/schema\\\/person\\\/d6e9fc8911f61d877353aabcb0214213\"},\"headline\":\"Planes imprescindibles en Valencia para mayo 2025: cultura, m\u00fasica y escapadas \u00fanicas\",\"datePublished\":\"2025-05-16T11:14:00+00:00\",\"dateModified\":\"2026-03-14T13:01:26+00:00\",\"mainEntityOfPage\":{\"@id\":\"https:\\\/\\\/www.valenciaandgo.com\\\/planes-imprescindibles-en-valencia-para-mayo-2025\\\/\"},\"wordCount\":556,\"publisher\":{\"@id\":\"https:\\\/\\\/www.valenciaandgo.com\\\/it\\\/#organization\"},\"image\":{\"@id\":\"https:\\\/\\\/www.valenciaandgo.com\\\/planes-imprescindibles-en-valencia-para-mayo-2025\\\/#primaryimage\"},\"thumbnailUrl\":\"https:\\\/\\\/www.valenciaandgo.com\\\/wp-content\\\/uploads\\\/2025\\\/11\\\/img-blog-ideas-septiembre.webp\",\"keywords\":[\"planes\",\"Valencia\"],\"articleSection\":[\"Noticias\",\"Qu\u00e9 hacer\"],\"inLanguage\":\"it-IT\"},{\"@type\":\"WebPage\",\"@id\":\"https:\\\/\\\/www.valenciaandgo.com\\\/planes-imprescindibles-en-valencia-para-mayo-2025\\\/\",\"url\":\"https:\\\/\\\/www.valenciaandgo.com\\\/planes-imprescindibles-en-valencia-para-mayo-2025\\\/\",\"name\":\"Los mejores planes en Valencia este mayo\",\"isPartOf\":{\"@id\":\"https:\\\/\\\/www.valenciaandgo.com\\\/it\\\/#website\"},\"primaryImageOfPage\":{\"@id\":\"https:\\\/\\\/www.valenciaandgo.com\\\/planes-imprescindibles-en-valencia-para-mayo-2025\\\/#primaryimage\"},\"image\":{\"@id\":\"https:\\\/\\\/www.valenciaandgo.com\\\/planes-imprescindibles-en-valencia-para-mayo-2025\\\/#primaryimage\"},\"thumbnailUrl\":\"https:\\\/\\\/www.valenciaandgo.com\\\/wp-content\\\/uploads\\\/2025\\\/11\\\/img-blog-ideas-septiembre.webp\",\"datePublished\":\"2025-05-16T11:14:00+00:00\",\"dateModified\":\"2026-03-14T13:01:26+00:00\",\"description\":\"Vive este mayo con los mejores planes en Valencia y alrededores. Desde mercadillos hasta festivales gratuitos.\",\"breadcrumb\":{\"@id\":\"https:\\\/\\\/www.valenciaandgo.com\\\/planes-imprescindibles-en-valencia-para-mayo-2025\\\/#breadcrumb\"},\"inLanguage\":\"it-IT\",\"potentialAction\":[{\"@type\":\"ReadAction\",\"target\":[\"https:\\\/\\\/www.valenciaandgo.com\\\/planes-imprescindibles-en-valencia-para-mayo-2025\\\/\"]}]},{\"@type\":\"ImageObject\",\"inLanguage\":\"it-IT\",\"@id\":\"https:\\\/\\\/www.valenciaandgo.com\\\/planes-imprescindibles-en-valencia-para-mayo-2025\\\/#primaryimage\",\"url\":\"https:\\\/\\\/www.valenciaandgo.com\\\/wp-content\\\/uploads\\\/2025\\\/11\\\/img-blog-ideas-septiembre.webp\",\"contentUrl\":\"https:\\\/\\\/www.valenciaandgo.com\\\/wp-content\\\/uploads\\\/2025\\\/11\\\/img-blog-ideas-septiembre.webp\",\"width\":1170,\"height\":783},{\"@type\":\"BreadcrumbList\",\"@id\":\"https:\\\/\\\/www.valenciaandgo.com\\\/planes-imprescindibles-en-valencia-para-mayo-2025\\\/#breadcrumb\",\"itemListElement\":[{\"@type\":\"ListItem\",\"position\":1,\"name\":\"Portada\",\"item\":\"https:\\\/\\\/www.valenciaandgo.com\\\/\"},{\"@type\":\"ListItem\",\"position\":2,\"name\":\"Planes imprescindibles en Valencia para mayo 2025: cultura, m\u00fasica y escapadas \u00fanicas\"}]},{\"@type\":\"WebSite\",\"@id\":\"https:\\\/\\\/www.valenciaandgo.com\\\/it\\\/#website\",\"url\":\"https:\\\/\\\/www.valenciaandgo.com\\\/it\\\/\",\"name\":\"Valencia&Go\",\"description\":\"Tours por Valencia y alrededores de ciudad.\",\"publisher\":{\"@id\":\"https:\\\/\\\/www.valenciaandgo.com\\\/it\\\/#organization\"},\"potentialAction\":[{\"@type\":\"SearchAction\",\"target\":{\"@type\":\"EntryPoint\",\"urlTemplate\":\"https:\\\/\\\/www.valenciaandgo.com\\\/it\\\/?s={search_term_string}\"},\"query-input\":{\"@type\":\"PropertyValueSpecification\",\"valueRequired\":true,\"valueName\":\"search_term_string\"}}],\"inLanguage\":\"it-IT\"},{\"@type\":\"Organization\",\"@id\":\"https:\\\/\\\/www.valenciaandgo.com\\\/it\\\/#organization\",\"name\":\"Valencia&Go\",\"url\":\"https:\\\/\\\/www.valenciaandgo.com\\\/it\\\/\",\"logo\":{\"@type\":\"ImageObject\",\"inLanguage\":\"it-IT\",\"@id\":\"https:\\\/\\\/www.valenciaandgo.com\\\/it\\\/#\\\/schema\\\/logo\\\/image\\\/\",\"url\":\"https:\\\/\\\/www.valenciaandgo.com\\\/wp-content\\\/uploads\\\/2025\\\/10\\\/valencia_go-svg-blnc-iso-naranja.svg\",\"contentUrl\":\"https:\\\/\\\/www.valenciaandgo.com\\\/wp-content\\\/uploads\\\/2025\\\/10\\\/valencia_go-svg-blnc-iso-naranja.svg\",\"width\":434,\"height\":102,\"caption\":\"Valencia&Go\"},\"image\":{\"@id\":\"https:\\\/\\\/www.valenciaandgo.com\\\/it\\\/#\\\/schema\\\/logo\\\/image\\\/\"},\"sameAs\":[\"https:\\\/\\\/www.facebook.com\\\/valenciaandgo\\\/\",\"https:\\\/\\\/www.instagram.com\\\/valenciaandgo\",\"https:\\\/\\\/www.linkedin.com\\\/company\\\/valencia-go\\\/\",\"https:\\\/\\\/www.tiktok.com\\\/@valenciaandgo\"]},{\"@type\":\"Person\",\"@id\":\"https:\\\/\\\/www.valenciaandgo.com\\\/it\\\/#\\\/schema\\\/person\\\/d6e9fc8911f61d877353aabcb0214213\",\"name\":\"Valencia &amp; Go\",\"sameAs\":[\"https:\\\/\\\/valenciaandgo.com\"],\"url\":\"https:\\\/\\\/www.valenciaandgo.com\\\/it\\\/author\\\/valencia\\\/\"}]}<\/script>\n<!-- \/ Yoast SEO plugin. -->","yoast_head_json":{"title":"I migliori programmi a Valencia per il mese di maggio","description":"Vivete questo maggio con i migliori programmi a Valencia e dintorni. Dai mercatini ai festival gratuiti.","robots":{"index":"index","follow":"follow","max-snippet":"max-snippet:-1","max-image-preview":"max-image-preview:large","max-video-preview":"max-video-preview:-1"},"canonical":"https:\/\/www.valenciaandgo.com\/it\/piani-essenziali-a-valencia-per-il-maggio-2025\/","og_locale":"it_IT","og_type":"article","og_title":"Los mejores planes en Valencia este mayo","og_description":"Vive este mayo con los mejores planes en Valencia y alrededores. Desde mercadillos hasta festivales gratuitos.","og_url":"https:\/\/www.valenciaandgo.com\/it\/piani-essenziali-a-valencia-per-il-maggio-2025\/","og_site_name":"Valencia&amp;Go","article_publisher":"https:\/\/www.facebook.com\/valenciaandgo\/","article_published_time":"2025-05-16T11:14:00+00:00","article_modified_time":"2026-03-14T13:01:26+00:00","og_image":[{"width":1170,"height":783,"url":"https:\/\/www.valenciaandgo.com\/wp-content\/uploads\/2025\/11\/img-blog-ideas-septiembre.webp","type":"image\/webp"}],"author":"Valencia &amp; Go","twitter_card":"summary_large_image","twitter_misc":{"Scritto da":"Valencia &amp; Go","Tempo di lettura stimato":"5 minuti"},"schema":{"@context":"https:\/\/schema.org","@graph":[{"@type":"Article","@id":"https:\/\/www.valenciaandgo.com\/planes-imprescindibles-en-valencia-para-mayo-2025\/#article","isPartOf":{"@id":"https:\/\/www.valenciaandgo.com\/planes-imprescindibles-en-valencia-para-mayo-2025\/"},"author":{"name":"Valencia &amp; Go","@id":"https:\/\/www.valenciaandgo.com\/it\/#\/schema\/person\/d6e9fc8911f61d877353aabcb0214213"},"headline":"Planes imprescindibles en Valencia para mayo 2025: cultura, m\u00fasica y escapadas \u00fanicas","datePublished":"2025-05-16T11:14:00+00:00","dateModified":"2026-03-14T13:01:26+00:00","mainEntityOfPage":{"@id":"https:\/\/www.valenciaandgo.com\/planes-imprescindibles-en-valencia-para-mayo-2025\/"},"wordCount":556,"publisher":{"@id":"https:\/\/www.valenciaandgo.com\/it\/#organization"},"image":{"@id":"https:\/\/www.valenciaandgo.com\/planes-imprescindibles-en-valencia-para-mayo-2025\/#primaryimage"},"thumbnailUrl":"https:\/\/www.valenciaandgo.com\/wp-content\/uploads\/2025\/11\/img-blog-ideas-septiembre.webp","keywords":["planes","Valencia"],"articleSection":["Noticias","Qu\u00e9 hacer"],"inLanguage":"it-IT"},{"@type":"WebPage","@id":"https:\/\/www.valenciaandgo.com\/planes-imprescindibles-en-valencia-para-mayo-2025\/","url":"https:\/\/www.valenciaandgo.com\/planes-imprescindibles-en-valencia-para-mayo-2025\/","name":"I migliori programmi a Valencia per il mese di maggio","isPartOf":{"@id":"https:\/\/www.valenciaandgo.com\/it\/#website"},"primaryImageOfPage":{"@id":"https:\/\/www.valenciaandgo.com\/planes-imprescindibles-en-valencia-para-mayo-2025\/#primaryimage"},"image":{"@id":"https:\/\/www.valenciaandgo.com\/planes-imprescindibles-en-valencia-para-mayo-2025\/#primaryimage"},"thumbnailUrl":"https:\/\/www.valenciaandgo.com\/wp-content\/uploads\/2025\/11\/img-blog-ideas-septiembre.webp","datePublished":"2025-05-16T11:14:00+00:00","dateModified":"2026-03-14T13:01:26+00:00","description":"Vivete questo maggio con i migliori programmi a Valencia e dintorni. Dai mercatini ai festival gratuiti.","breadcrumb":{"@id":"https:\/\/www.valenciaandgo.com\/planes-imprescindibles-en-valencia-para-mayo-2025\/#breadcrumb"},"inLanguage":"it-IT","potentialAction":[{"@type":"ReadAction","target":["https:\/\/www.valenciaandgo.com\/planes-imprescindibles-en-valencia-para-mayo-2025\/"]}]},{"@type":"ImageObject","inLanguage":"it-IT","@id":"https:\/\/www.valenciaandgo.com\/planes-imprescindibles-en-valencia-para-mayo-2025\/#primaryimage","url":"https:\/\/www.valenciaandgo.com\/wp-content\/uploads\/2025\/11\/img-blog-ideas-septiembre.webp","contentUrl":"https:\/\/www.valenciaandgo.com\/wp-content\/uploads\/2025\/11\/img-blog-ideas-septiembre.webp","width":1170,"height":783},{"@type":"BreadcrumbList","@id":"https:\/\/www.valenciaandgo.com\/planes-imprescindibles-en-valencia-para-mayo-2025\/#breadcrumb","itemListElement":[{"@type":"ListItem","position":1,"name":"Portada","item":"https:\/\/www.valenciaandgo.com\/"},{"@type":"ListItem","position":2,"name":"Planes imprescindibles en Valencia para mayo 2025: cultura, m\u00fasica y escapadas \u00fanicas"}]},{"@type":"WebSite","@id":"https:\/\/www.valenciaandgo.com\/it\/#website","url":"https:\/\/www.valenciaandgo.com\/it\/","name":"Valencia&amp;Go","description":"Tour di Valencia e dintorni.","publisher":{"@id":"https:\/\/www.valenciaandgo.com\/it\/#organization"},"potentialAction":[{"@type":"SearchAction","target":{"@type":"EntryPoint","urlTemplate":"https:\/\/www.valenciaandgo.com\/it\/?s={search_term_string}"},"query-input":{"@type":"PropertyValueSpecification","valueRequired":true,"valueName":"search_term_string"}}],"inLanguage":"it-IT"},{"@type":"Organization","@id":"https:\/\/www.valenciaandgo.com\/it\/#organization","name":"Valencia&amp;Go","url":"https:\/\/www.valenciaandgo.com\/it\/","logo":{"@type":"ImageObject","inLanguage":"it-IT","@id":"https:\/\/www.valenciaandgo.com\/it\/#\/schema\/logo\/image\/","url":"https:\/\/www.valenciaandgo.com\/wp-content\/uploads\/2025\/10\/valencia_go-svg-blnc-iso-naranja.svg","contentUrl":"https:\/\/www.valenciaandgo.com\/wp-content\/uploads\/2025\/10\/valencia_go-svg-blnc-iso-naranja.svg","width":434,"height":102,"caption":"Valencia&Go"},"image":{"@id":"https:\/\/www.valenciaandgo.com\/it\/#\/schema\/logo\/image\/"},"sameAs":["https:\/\/www.facebook.com\/valenciaandgo\/","https:\/\/www.instagram.com\/valenciaandgo","https:\/\/www.linkedin.com\/company\/valencia-go\/","https:\/\/www.tiktok.com\/@valenciaandgo"]},{"@type":"Person","@id":"https:\/\/www.valenciaandgo.com\/it\/#\/schema\/person\/d6e9fc8911f61d877353aabcb0214213","name":"Valencia &amp; Go","sameAs":["https:\/\/valenciaandgo.com"],"url":"https:\/\/www.valenciaandgo.com\/it\/author\/valencia\/"}]}},"_links":{"self":[{"href":"https:\/\/www.valenciaandgo.com\/it\/wp-json\/wp\/v2\/posts\/563","targetHints":{"allow":["GET"]}}],"collection":[{"href":"https:\/\/www.valenciaandgo.com\/it\/wp-json\/wp\/v2\/posts"}],"about":[{"href":"https:\/\/www.valenciaandgo.com\/it\/wp-json\/wp\/v2\/types\/post"}],"author":[{"embeddable":true,"href":"https:\/\/www.valenciaandgo.com\/it\/wp-json\/wp\/v2\/users\/1"}],"replies":[{"embeddable":true,"href":"https:\/\/www.valenciaandgo.com\/it\/wp-json\/wp\/v2\/comments?post=563"}],"version-history":[{"count":0,"href":"https:\/\/www.valenciaandgo.com\/it\/wp-json\/wp\/v2\/posts\/563\/revisions"}],"wp:featuredmedia":[{"embeddable":true,"href":"https:\/\/www.valenciaandgo.com\/it\/wp-json\/wp\/v2\/media\/729"}],"wp:attachment":[{"href":"https:\/\/www.valenciaandgo.com\/it\/wp-json\/wp\/v2\/media?parent=563"}],"wp:term":[{"taxonomy":"category","embeddable":true,"href":"https:\/\/www.valenciaandgo.com\/it\/wp-json\/wp\/v2\/categories?post=563"},{"taxonomy":"post_tag","embeddable":true,"href":"https:\/\/www.valenciaandgo.com\/it\/wp-json\/wp\/v2\/tags?post=563"}],"curies":[{"name":"wp","href":"https:\/\/api.w.org\/{rel}","templated":true}]}}